{"id":9510,"date":"2023-01-30T10:44:20","date_gmt":"2023-01-30T08:44:20","guid":{"rendered":"https:\/\/www.scrigno.com\/fabrizio-campanella-novym-generalnim-reditelem-a-jednatelem-spolecnosti-scrigno-sro\/"},"modified":"2024-09-17T17:19:07","modified_gmt":"2024-09-17T15:19:07","slug":"fabrizio-campanella-novym-generalnim-reditelem-a-jednatelem-spolecnosti-scrigno-sro","status":"publish","type":"post","link":"https:\/\/www.scrigno.com\/cs\/fabrizio-campanella-novym-generalnim-reditelem-a-jednatelem-spolecnosti-scrigno-sro\/","title":{"rendered":"Fabrizio Campanella nov\u00fdm gener\u00e1ln\u00edm \u0159editelem a jednatelem spole\u010dnosti Scrigno s.r.o."},"content":{"rendered":"    <div class=\"content-block wrapper text-only\">\n            \n    <div class=\"wrapped cols-8\">    <div class=\"content-block__text\">\n        \n        <p class=\"content-block__text--content\"><p>S. Ermete di Santarcangelo di Romagna, 30. ledna 2023 &#8211; P\u0159edstavenstvo spole\u010dnosti Scrigno SpA s pot\u011b&scaron;en&iacute;m oznamuje jmenov&aacute;n&iacute; Fabrizia Campanelly nov&yacute;m gener&aacute;ln&iacute;m \u0159editelem a jednatelem spole\u010dnosti s okam\u017eitou platnost&iacute;.<\/p>&#13;\n&#13;\n<p>Carlo Frau, prezident spole\u010dnosti Scrigno S.p.A., uvedl: <em>&bdquo;Jsme r&aacute;di, \u017ee Fabrizio souhlasil s t&iacute;m, \u017ee povede spole\u010dnost Scrigno v t&eacute;to nov&eacute; f&aacute;zi jej&iacute;ho rozvoje. Fabrizio s sebou p\u0159in&aacute;&scaron;&iacute; uzn&aacute;van&eacute; mezin&aacute;rodn&iacute; zku&scaron;enosti v r\u016fzn&yacute;ch oblastech, kter&eacute; dokonale zapadaj&iacute; do r\u016fstov&yacute;ch ambic&iacute; spole\u010dnosti. Ve sv&eacute; nov&eacute; funkci bude Fabrizio zodpov\u011bdn&yacute; za definov&aacute;n&iacute; strategick&eacute;ho rozvojov&eacute;ho pl&aacute;nu spole\u010dnosti Scrigno s c&iacute;lem upevnit jej&iacute; vedouc&iacute; postaven&iacute; v odv\u011btv&iacute; a pos&iacute;lit jej&iacute; r\u016fstov&eacute; trendy prost\u0159ednictv&iacute;m organick&yacute;ch iniciativ a f&uacute;z&iacute; a akvizic.&ldquo;<\/em><\/p>&#13;\n&#13;\n<p>Fabrizio Campanella po absolvov&aacute;n&iacute; vysoko&scaron;kolsk&eacute;ho studia a studia <em>Business Administration<\/em> v&nbsp;Mil&aacute;n\u011b, zah&aacute;jil v roce 1998 svou profesn&iacute; kari&eacute;ru v poradensk&eacute; spole\u010dnosti Bain &amp; Company, kde pracoval 14 let, ne\u017e se stal p\u0159idru\u017een&yacute;m partnerem a p\u016fsobil p\u0159edev&scaron;&iacute;m v oblasti spot\u0159ebn&iacute;ho zbo\u017e&iacute; a zdravotnictv&iacute; v It&aacute;lii i v zahrani\u010d&iacute;.<br \/>&#13;\nV roce 2012 nastoupil do skupiny De&#39; Longhi jako gener&aacute;ln&iacute; \u0159editel Braun Household, p\u0159edn&iacute; n\u011bmeck&eacute; zna\u010dky v odv\u011btv&iacute; SDA, kterou z&iacute;skal v licenci od spole\u010dnosti Procter &amp; Gamble. Na z&aacute;klad\u011b dosa\u017een&yacute;ch v&yacute;znamn&yacute;ch v&yacute;sledk\u016f p\u0159evzal Campanella v roce 2018 tak&eacute; funkci glob&aacute;ln&iacute;ho marketingov&eacute;ho \u0159editele skupiny De&#39; Longhi.<\/p>&#13;\n&#13;\n<p><em>&bdquo;S hrdost&iacute; se uj&iacute;m&aacute;m sv\u011b\u0159en&eacute; funkce a s velk&yacute;m nad&scaron;en&iacute;m za\u010d&iacute;n&aacute;m toto nov&eacute; dobrodru\u017estv&iacute; po boku dynamick&eacute;ho a vysoce kvalifikovan&eacute;ho t&yacute;mu.&ldquo;<\/em> Fabrizio Campanella, nov&yacute; gener&aacute;ln&iacute; \u0159editel spole\u010dnosti Scrigno, na z&aacute;v\u011br dod&aacute;v&aacute;: <em>&bdquo;Je pro m\u011b ct&iacute; pod&iacute;let se na velkolep&eacute; historii t&eacute;to spole\u010dnosti, kter&aacute; je jedine\u010dnou na italsk&eacute; sc&eacute;n\u011b i mimo ni a m&aacute; velk&yacute; potenci&aacute;l k expanzi.&ldquo;<\/em><\/p>&#13;<\/p>\n\n            \n    \n    <\/div><\/div>\n    \n    \n    <\/div>\r\n\r\n<!-- wp:scrignocom\/scrigno-com-block-content-block \",\"layout\":\"text-only\"} \/-->","protected":false},"excerpt":{"rendered":"<p>S. Ermete di Santarcangelo di Romagna, 30. ledna 2023 &#8211; P\u0159edstavenstvo spole\u010dnosti Scrigno SpA s pot\u011b\u0161en\u00edm oznamuje jmenov\u00e1n\u00ed Fabrizia Campanelly nov\u00fdm gener\u00e1ln\u00edm \u0159editelem a jednatelem spole\u010dnosti s okam\u017eitou platnost\u00ed.<\/p>\n","protected":false},"author":1,"featured_media":9498,"comment_status":"closed","ping_status":"closed","sticky":false,"template":"","format":"standard","meta":{"_acf_changed":false,"footnotes":""},"categories":[],"tags":[],"class_list":["post-9510","post","type-post","status-publish","format-standard","has-post-thumbnail","hentry"],"acf":[],"yoast_head":"<!-- This site is optimized with the Yoast SEO plugin v27.1.1 - https:\/\/yoast.com\/product\/yoast-seo-wordpress\/ -->\n<title>Fabrizio Campanella nov\u00fdm gener\u00e1ln\u00edm \u0159editelem a jednatelem spole\u010dnosti Scrigno s.r.o. - Scrigno<\/title>\n<meta name=\"robots\" content=\"index, follow, max-snippet:-1, max-image-preview:large, max-video-preview:-1\" \/>\n<link rel=\"canonical\" href=\"https:\/\/www.scrigno.com\/cs\/fabrizio-campanella-novym-generalnim-reditelem-a-jednatelem-spolecnosti-scrigno-sro\/\" \/>\n<meta property=\"og:locale\" content=\"cs_CZ\" \/>\n<meta property=\"og:type\" content=\"article\" \/>\n<meta property=\"og:title\" content=\"Fabrizio Campanella nov\u00fdm gener\u00e1ln\u00edm \u0159editelem a jednatelem spole\u010dnosti Scrigno s.r.o. - Scrigno\" \/>\n<meta property=\"og:description\" content=\"S. Ermete di Santarcangelo di Romagna, 30. ledna 2023 - P\u0159edstavenstvo spole\u010dnosti Scrigno SpA s pot\u011b\u0161en\u00edm oznamuje jmenov\u00e1n\u00ed Fabrizia Campanelly nov\u00fdm gener\u00e1ln\u00edm \u0159editelem a jednatelem spole\u010dnosti s okam\u017eitou platnost\u00ed.\" \/>\n<meta property=\"og:url\" content=\"https:\/\/www.scrigno.com\/cs\/fabrizio-campanella-novym-generalnim-reditelem-a-jednatelem-spolecnosti-scrigno-sro\/\" \/>\n<meta property=\"og:site_name\" content=\"Scrigno\" \/>\n<meta property=\"article:published_time\" content=\"2023-01-30T08:44:20+00:00\" \/>\n<meta property=\"article:modified_time\" content=\"2024-09-17T15:19:07+00:00\" \/>\n<meta property=\"og:image\" content=\"https:\/\/www.scrigno.com\/wp-content\/uploads\/2024\/09\/Scrigno-Ritratto-Fabrizio-Campanella-copertina.jpg\" \/>\n\t<meta property=\"og:image:width\" content=\"1100\" \/>\n\t<meta property=\"og:image:height\" content=\"1100\" \/>\n\t<meta property=\"og:image:type\" content=\"image\/jpeg\" \/>\n<meta name=\"author\" content=\"scrigno-com\" \/>\n<meta name=\"twitter:card\" content=\"summary_large_image\" \/>\n<meta name=\"twitter:label1\" content=\"Napsal(a)\" \/>\n\t<meta name=\"twitter:data1\" content=\"scrigno-com\" \/>\n<script type=\"application\/ld+json\" class=\"yoast-schema-graph\">{\"@context\":\"https:\/\/schema.org\",\"@graph\":[{\"@type\":\"Article\",\"@id\":\"https:\/\/www.scrigno.com\/cs\/fabrizio-campanella-novym-generalnim-reditelem-a-jednatelem-spolecnosti-scrigno-sro\/#article\",\"isPartOf\":{\"@id\":\"https:\/\/www.scrigno.com\/cs\/fabrizio-campanella-novym-generalnim-reditelem-a-jednatelem-spolecnosti-scrigno-sro\/\"},\"author\":{\"name\":\"scrigno-com\",\"@id\":\"https:\/\/www.scrigno.com\/cs\/#\/schema\/person\/eeef33d4b4c6cd5ae798b7ca3c52c292\"},\"headline\":\"Fabrizio Campanella nov\u00fdm gener\u00e1ln\u00edm \u0159editelem a jednatelem spole\u010dnosti Scrigno s.r.o.\",\"datePublished\":\"2023-01-30T08:44:20+00:00\",\"dateModified\":\"2024-09-17T15:19:07+00:00\",\"mainEntityOfPage\":{\"@id\":\"https:\/\/www.scrigno.com\/cs\/fabrizio-campanella-novym-generalnim-reditelem-a-jednatelem-spolecnosti-scrigno-sro\/\"},\"wordCount\":16,\"image\":{\"@id\":\"https:\/\/www.scrigno.com\/cs\/fabrizio-campanella-novym-generalnim-reditelem-a-jednatelem-spolecnosti-scrigno-sro\/#primaryimage\"},\"thumbnailUrl\":\"https:\/\/www.scrigno.com\/wp-content\/uploads\/2024\/09\/Scrigno-Ritratto-Fabrizio-Campanella-copertina.jpg\",\"inLanguage\":\"cs\"},{\"@type\":\"WebPage\",\"@id\":\"https:\/\/www.scrigno.com\/cs\/fabrizio-campanella-novym-generalnim-reditelem-a-jednatelem-spolecnosti-scrigno-sro\/\",\"url\":\"https:\/\/www.scrigno.com\/cs\/fabrizio-campanella-novym-generalnim-reditelem-a-jednatelem-spolecnosti-scrigno-sro\/\",\"name\":\"Fabrizio Campanella nov\u00fdm gener\u00e1ln\u00edm \u0159editelem a jednatelem spole\u010dnosti Scrigno s.r.o. - Scrigno\",\"isPartOf\":{\"@id\":\"https:\/\/www.scrigno.com\/cs\/#website\"},\"primaryImageOfPage\":{\"@id\":\"https:\/\/www.scrigno.com\/cs\/fabrizio-campanella-novym-generalnim-reditelem-a-jednatelem-spolecnosti-scrigno-sro\/#primaryimage\"},\"image\":{\"@id\":\"https:\/\/www.scrigno.com\/cs\/fabrizio-campanella-novym-generalnim-reditelem-a-jednatelem-spolecnosti-scrigno-sro\/#primaryimage\"},\"thumbnailUrl\":\"https:\/\/www.scrigno.com\/wp-content\/uploads\/2024\/09\/Scrigno-Ritratto-Fabrizio-Campanella-copertina.jpg\",\"datePublished\":\"2023-01-30T08:44:20+00:00\",\"dateModified\":\"2024-09-17T15:19:07+00:00\",\"author\":{\"@id\":\"https:\/\/www.scrigno.com\/cs\/#\/schema\/person\/eeef33d4b4c6cd5ae798b7ca3c52c292\"},\"breadcrumb\":{\"@id\":\"https:\/\/www.scrigno.com\/cs\/fabrizio-campanella-novym-generalnim-reditelem-a-jednatelem-spolecnosti-scrigno-sro\/#breadcrumb\"},\"inLanguage\":\"cs\",\"potentialAction\":[{\"@type\":\"ReadAction\",\"target\":[\"https:\/\/www.scrigno.com\/cs\/fabrizio-campanella-novym-generalnim-reditelem-a-jednatelem-spolecnosti-scrigno-sro\/\"]}]},{\"@type\":\"ImageObject\",\"inLanguage\":\"cs\",\"@id\":\"https:\/\/www.scrigno.com\/cs\/fabrizio-campanella-novym-generalnim-reditelem-a-jednatelem-spolecnosti-scrigno-sro\/#primaryimage\",\"url\":\"https:\/\/www.scrigno.com\/wp-content\/uploads\/2024\/09\/Scrigno-Ritratto-Fabrizio-Campanella-copertina.jpg\",\"contentUrl\":\"https:\/\/www.scrigno.com\/wp-content\/uploads\/2024\/09\/Scrigno-Ritratto-Fabrizio-Campanella-copertina.jpg\",\"width\":1100,\"height\":1100},{\"@type\":\"BreadcrumbList\",\"@id\":\"https:\/\/www.scrigno.com\/cs\/fabrizio-campanella-novym-generalnim-reditelem-a-jednatelem-spolecnosti-scrigno-sro\/#breadcrumb\",\"itemListElement\":[{\"@type\":\"ListItem\",\"position\":1,\"name\":\"Home\",\"item\":\"https:\/\/www.scrigno.com\/cs\/\"},{\"@type\":\"ListItem\",\"position\":2,\"name\":\"Fabrizio Campanella nov\u00fdm gener\u00e1ln\u00edm \u0159editelem a jednatelem spole\u010dnosti Scrigno s.r.o.\"}]},{\"@type\":\"WebSite\",\"@id\":\"https:\/\/www.scrigno.com\/cs\/#website\",\"url\":\"https:\/\/www.scrigno.com\/cs\/\",\"name\":\"Scrigno\",\"description\":\"\",\"potentialAction\":[{\"@type\":\"SearchAction\",\"target\":{\"@type\":\"EntryPoint\",\"urlTemplate\":\"https:\/\/www.scrigno.com\/cs\/?s={search_term_string}\"},\"query-input\":{\"@type\":\"PropertyValueSpecification\",\"valueRequired\":true,\"valueName\":\"search_term_string\"}}],\"inLanguage\":\"cs\"},{\"@type\":\"Person\",\"@id\":\"https:\/\/www.scrigno.com\/cs\/#\/schema\/person\/eeef33d4b4c6cd5ae798b7ca3c52c292\",\"name\":\"scrigno-com\",\"image\":{\"@type\":\"ImageObject\",\"inLanguage\":\"cs\",\"@id\":\"https:\/\/www.scrigno.com\/cs\/#\/schema\/person\/image\/\",\"url\":\"https:\/\/secure.gravatar.com\/avatar\/316c2b5ec1b6c82a8de14e74e40e38cd08951bc4ec97d16ea06e5987fea03d50?s=96&d=mm&r=g\",\"contentUrl\":\"https:\/\/secure.gravatar.com\/avatar\/316c2b5ec1b6c82a8de14e74e40e38cd08951bc4ec97d16ea06e5987fea03d50?s=96&d=mm&r=g\",\"caption\":\"scrigno-com\"},\"sameAs\":[\"https:\/\/www.scrigno.com\"]}]}<\/script>\n<!-- \/ Yoast SEO plugin. -->","yoast_head_json":{"title":"Fabrizio Campanella nov\u00fdm gener\u00e1ln\u00edm \u0159editelem a jednatelem spole\u010dnosti Scrigno s.r.o. - Scrigno","robots":{"index":"index","follow":"follow","max-snippet":"max-snippet:-1","max-image-preview":"max-image-preview:large","max-video-preview":"max-video-preview:-1"},"canonical":"https:\/\/www.scrigno.com\/cs\/fabrizio-campanella-novym-generalnim-reditelem-a-jednatelem-spolecnosti-scrigno-sro\/","og_locale":"cs_CZ","og_type":"article","og_title":"Fabrizio Campanella nov\u00fdm gener\u00e1ln\u00edm \u0159editelem a jednatelem spole\u010dnosti Scrigno s.r.o. - Scrigno","og_description":"S. Ermete di Santarcangelo di Romagna, 30. ledna 2023 - P\u0159edstavenstvo spole\u010dnosti Scrigno SpA s pot\u011b\u0161en\u00edm oznamuje jmenov\u00e1n\u00ed Fabrizia Campanelly nov\u00fdm gener\u00e1ln\u00edm \u0159editelem a jednatelem spole\u010dnosti s okam\u017eitou platnost\u00ed.","og_url":"https:\/\/www.scrigno.com\/cs\/fabrizio-campanella-novym-generalnim-reditelem-a-jednatelem-spolecnosti-scrigno-sro\/","og_site_name":"Scrigno","article_published_time":"2023-01-30T08:44:20+00:00","article_modified_time":"2024-09-17T15:19:07+00:00","og_image":[{"width":1100,"height":1100,"url":"https:\/\/www.scrigno.com\/wp-content\/uploads\/2024\/09\/Scrigno-Ritratto-Fabrizio-Campanella-copertina.jpg","type":"image\/jpeg"}],"author":"scrigno-com","twitter_card":"summary_large_image","twitter_misc":{"Napsal(a)":"scrigno-com"},"schema":{"@context":"https:\/\/schema.org","@graph":[{"@type":"Article","@id":"https:\/\/www.scrigno.com\/cs\/fabrizio-campanella-novym-generalnim-reditelem-a-jednatelem-spolecnosti-scrigno-sro\/#article","isPartOf":{"@id":"https:\/\/www.scrigno.com\/cs\/fabrizio-campanella-novym-generalnim-reditelem-a-jednatelem-spolecnosti-scrigno-sro\/"},"author":{"name":"scrigno-com","@id":"https:\/\/www.scrigno.com\/cs\/#\/schema\/person\/eeef33d4b4c6cd5ae798b7ca3c52c292"},"headline":"Fabrizio Campanella nov\u00fdm gener\u00e1ln\u00edm \u0159editelem a jednatelem spole\u010dnosti Scrigno s.r.o.","datePublished":"2023-01-30T08:44:20+00:00","dateModified":"2024-09-17T15:19:07+00:00","mainEntityOfPage":{"@id":"https:\/\/www.scrigno.com\/cs\/fabrizio-campanella-novym-generalnim-reditelem-a-jednatelem-spolecnosti-scrigno-sro\/"},"wordCount":16,"image":{"@id":"https:\/\/www.scrigno.com\/cs\/fabrizio-campanella-novym-generalnim-reditelem-a-jednatelem-spolecnosti-scrigno-sro\/#primaryimage"},"thumbnailUrl":"https:\/\/www.scrigno.com\/wp-content\/uploads\/2024\/09\/Scrigno-Ritratto-Fabrizio-Campanella-copertina.jpg","inLanguage":"cs"},{"@type":"WebPage","@id":"https:\/\/www.scrigno.com\/cs\/fabrizio-campanella-novym-generalnim-reditelem-a-jednatelem-spolecnosti-scrigno-sro\/","url":"https:\/\/www.scrigno.com\/cs\/fabrizio-campanella-novym-generalnim-reditelem-a-jednatelem-spolecnosti-scrigno-sro\/","name":"Fabrizio Campanella nov\u00fdm gener\u00e1ln\u00edm \u0159editelem a jednatelem spole\u010dnosti Scrigno s.r.o. - Scrigno","isPartOf":{"@id":"https:\/\/www.scrigno.com\/cs\/#website"},"primaryImageOfPage":{"@id":"https:\/\/www.scrigno.com\/cs\/fabrizio-campanella-novym-generalnim-reditelem-a-jednatelem-spolecnosti-scrigno-sro\/#primaryimage"},"image":{"@id":"https:\/\/www.scrigno.com\/cs\/fabrizio-campanella-novym-generalnim-reditelem-a-jednatelem-spolecnosti-scrigno-sro\/#primaryimage"},"thumbnailUrl":"https:\/\/www.scrigno.com\/wp-content\/uploads\/2024\/09\/Scrigno-Ritratto-Fabrizio-Campanella-copertina.jpg","datePublished":"2023-01-30T08:44:20+00:00","dateModified":"2024-09-17T15:19:07+00:00","author":{"@id":"https:\/\/www.scrigno.com\/cs\/#\/schema\/person\/eeef33d4b4c6cd5ae798b7ca3c52c292"},"breadcrumb":{"@id":"https:\/\/www.scrigno.com\/cs\/fabrizio-campanella-novym-generalnim-reditelem-a-jednatelem-spolecnosti-scrigno-sro\/#breadcrumb"},"inLanguage":"cs","potentialAction":[{"@type":"ReadAction","target":["https:\/\/www.scrigno.com\/cs\/fabrizio-campanella-novym-generalnim-reditelem-a-jednatelem-spolecnosti-scrigno-sro\/"]}]},{"@type":"ImageObject","inLanguage":"cs","@id":"https:\/\/www.scrigno.com\/cs\/fabrizio-campanella-novym-generalnim-reditelem-a-jednatelem-spolecnosti-scrigno-sro\/#primaryimage","url":"https:\/\/www.scrigno.com\/wp-content\/uploads\/2024\/09\/Scrigno-Ritratto-Fabrizio-Campanella-copertina.jpg","contentUrl":"https:\/\/www.scrigno.com\/wp-content\/uploads\/2024\/09\/Scrigno-Ritratto-Fabrizio-Campanella-copertina.jpg","width":1100,"height":1100},{"@type":"BreadcrumbList","@id":"https:\/\/www.scrigno.com\/cs\/fabrizio-campanella-novym-generalnim-reditelem-a-jednatelem-spolecnosti-scrigno-sro\/#breadcrumb","itemListElement":[{"@type":"ListItem","position":1,"name":"Home","item":"https:\/\/www.scrigno.com\/cs\/"},{"@type":"ListItem","position":2,"name":"Fabrizio Campanella nov\u00fdm gener\u00e1ln\u00edm \u0159editelem a jednatelem spole\u010dnosti Scrigno s.r.o."}]},{"@type":"WebSite","@id":"https:\/\/www.scrigno.com\/cs\/#website","url":"https:\/\/www.scrigno.com\/cs\/","name":"Scrigno","description":"","potentialAction":[{"@type":"SearchAction","target":{"@type":"EntryPoint","urlTemplate":"https:\/\/www.scrigno.com\/cs\/?s={search_term_string}"},"query-input":{"@type":"PropertyValueSpecification","valueRequired":true,"valueName":"search_term_string"}}],"inLanguage":"cs"},{"@type":"Person","@id":"https:\/\/www.scrigno.com\/cs\/#\/schema\/person\/eeef33d4b4c6cd5ae798b7ca3c52c292","name":"scrigno-com","image":{"@type":"ImageObject","inLanguage":"cs","@id":"https:\/\/www.scrigno.com\/cs\/#\/schema\/person\/image\/","url":"https:\/\/secure.gravatar.com\/avatar\/316c2b5ec1b6c82a8de14e74e40e38cd08951bc4ec97d16ea06e5987fea03d50?s=96&d=mm&r=g","contentUrl":"https:\/\/secure.gravatar.com\/avatar\/316c2b5ec1b6c82a8de14e74e40e38cd08951bc4ec97d16ea06e5987fea03d50?s=96&d=mm&r=g","caption":"scrigno-com"},"sameAs":["https:\/\/www.scrigno.com"]}]}},"_links":{"self":[{"href":"https:\/\/www.scrigno.com\/cs\/wp-json\/wp\/v2\/posts\/9510","targetHints":{"allow":["GET"]}}],"collection":[{"href":"https:\/\/www.scrigno.com\/cs\/wp-json\/wp\/v2\/posts"}],"about":[{"href":"https:\/\/www.scrigno.com\/cs\/wp-json\/wp\/v2\/types\/post"}],"author":[{"embeddable":true,"href":"https:\/\/www.scrigno.com\/cs\/wp-json\/wp\/v2\/users\/1"}],"replies":[{"embeddable":true,"href":"https:\/\/www.scrigno.com\/cs\/wp-json\/wp\/v2\/comments?post=9510"}],"version-history":[{"count":0,"href":"https:\/\/www.scrigno.com\/cs\/wp-json\/wp\/v2\/posts\/9510\/revisions"}],"wp:featuredmedia":[{"embeddable":true,"href":"https:\/\/www.scrigno.com\/cs\/wp-json\/wp\/v2\/media\/9498"}],"wp:attachment":[{"href":"https:\/\/www.scrigno.com\/cs\/wp-json\/wp\/v2\/media?parent=9510"}],"wp:term":[{"taxonomy":"category","embeddable":true,"href":"https:\/\/www.scrigno.com\/cs\/wp-json\/wp\/v2\/categories?post=9510"},{"taxonomy":"post_tag","embeddable":true,"href":"https:\/\/www.scrigno.com\/cs\/wp-json\/wp\/v2\/tags?post=9510"}],"curies":[{"name":"wp","href":"https:\/\/api.w.org\/{rel}","templated":true}]}}