{"id":9176,"date":"2021-02-23T00:00:00","date_gmt":"2021-02-22T22:00:00","guid":{"rendered":"https:\/\/www.scrigno.com\/abre-las-puertas-el-primer-showroom-scrigno-en-praga\/"},"modified":"2024-09-17T17:17:27","modified_gmt":"2024-09-17T15:17:27","slug":"abre-las-puertas-el-primer-showroom-scrigno-en-praga","status":"publish","type":"post","link":"https:\/\/www.scrigno.com\/es\/abre-las-puertas-el-primer-showroom-scrigno-en-praga\/","title":{"rendered":"Abre las puertas el primer Showroom Scrigno en Praga"},"content":{"rendered":"    <div class=\"content-block wrapper text-only\">\n            \n    <div class=\"wrapped cols-8\">    <div class=\"content-block__text\">\n        \n        <p class=\"content-block__text--content\"><p>Scrigno S.R.O dise\u00f1a su primer Showroom despu\u00e9s de cinco a\u00f1os de presencia y \u00e9xito en el mercado checo: un importante establecimiento al servicio de los clientes, ubicado en el coraz\u00f3n del distrito de Zizkov en Praga, una zona recientemente rehabilitada y frecuentada por dise\u00f1adores y artistas. En un entorno dedicado de m\u00e1s de 200 m2, los visitantes pueden sumergirse en un ambiente refinado, donde poder tocar la pr\u00e1ctica totalidad de la gama Scrigno: desde marcos hasta puertas a ras de pared, puertas de cristal y puertas acorazadas.<\/p>&#13;\n&#13;\n<p>El espacio est\u00e1 elegantemente organizado para destacar las soluciones Scrigno expuestas: se acompa\u00f1a al cliente en un impresionante itinerario en virtud de las opciones crom\u00e1ticas y los materiales seleccionados para equipar la sala de exposici\u00f3n, que plasma perfectamente la flexibilidad y originalidad t\u00edpicas de las colecciones firmadas Scrigno.<\/p>&#13;\n&#13;\n<p>De lunes a viernes, de 8:30 a 16:30, el centro est\u00e1 abierto al p\u00fablico y es posible pedir cita para que nos asesore un vendedor tambi\u00e9n dedicado a las \u00e1reas de Bohemia, Moravia y Eslovaquia, fuera del horario de apertura indicado si es necesario.<\/p>&#13;\n&#13;\n<p>La inauguraci\u00f3n oficial se llevar\u00e1 a cabo con total seguridad al finalizar la emergencia sanitaria y ser\u00e1 un placer recibir a nuestros 500 clientes como invitados de honor.<\/p>&#13;\n&#13;\n<p><br \/>&#13;\n<a href=\"https:\/\/goo.gl\/maps\/9nX6GhB6eCUD1v3T8\" target=\"_blank\">Pouzdra Scrigno<\/a><\/p>&#13;\n<div class=\"fluid-width-video-wrapper\" style=\"padding-top: 64.2857%;\"><iframe allowfullscreen=\"\" loading=\"lazy\" src=\"https:\/\/www.google.com\/maps\/embed?pb=!1m18!1m12!1m3!1d578.2784989755622!2d14.462410546399624!3d50.08675136843096!2m3!1f0!2f0!3f0!3m2!1i1024!2i768!4f13.1!3m3!1m2!1s0x470b935fcfa3c3dd%3A0xd28dc730d048500f!2sPouzdra%20Scrigno!5e0!3m2!1sit!2sit!4v1614089974258!5m2!1sit!2sit\" style=\"border:0;\" id=\"fitvid0\"><\/iframe><\/div>&#13;\n<p> <\/p><\/p>\n\n            \n    \n    <\/div><\/div>\n    \n    \n    <\/div>\r\n\r\n<!-- wp:scrignocom\/scrigno-com-block-content-block \",\"layout\":\"text-only\"} \/-->","protected":false},"excerpt":{"rendered":"<p>Scrigno S.R.O dise\u00f1a su primer Showroom despu\u00e9s de cinco a\u00f1os de presencia y \u00e9xito en el mercado checo<\/p>\n","protected":false},"author":1,"featured_media":9122,"comment_status":"closed","ping_status":"closed","sticky":false,"template":"","format":"standard","meta":{"_acf_changed":false,"footnotes":""},"categories":[],"tags":[],"class_list":["post-9176","post","type-post","status-publish","format-standard","has-post-thumbnail","hentry"],"acf":[],"yoast_head":"<!-- This site is optimized with the Yoast SEO plugin v27.1.1 - https:\/\/yoast.com\/product\/yoast-seo-wordpress\/ -->\n<title>Abre las puertas el primer Showroom Scrigno en Praga - Scrigno<\/title>\n<meta name=\"robots\" content=\"index, follow, max-snippet:-1, max-image-preview:large, max-video-preview:-1\" \/>\n<link rel=\"canonical\" href=\"https:\/\/www.scrigno.com\/es\/abre-las-puertas-el-primer-showroom-scrigno-en-praga\/\" \/>\n<meta property=\"og:locale\" content=\"es_ES\" \/>\n<meta property=\"og:type\" content=\"article\" \/>\n<meta property=\"og:title\" content=\"Abre las puertas el primer Showroom Scrigno en Praga - Scrigno\" \/>\n<meta property=\"og:description\" content=\"Scrigno S.R.O dise\u00f1a su primer Showroom despu\u00e9s de cinco a\u00f1os de presencia y \u00e9xito en el mercado checo\" \/>\n<meta property=\"og:url\" content=\"https:\/\/www.scrigno.com\/es\/abre-las-puertas-el-primer-showroom-scrigno-en-praga\/\" \/>\n<meta property=\"og:site_name\" content=\"Scrigno\" \/>\n<meta property=\"article:published_time\" content=\"2021-02-22T22:00:00+00:00\" \/>\n<meta property=\"article:modified_time\" content=\"2024-09-17T15:17:27+00:00\" \/>\n<meta property=\"og:image\" content=\"https:\/\/www.scrigno.com\/wp-content\/uploads\/2024\/09\/showroom-scrigno-praga_copertina.jpg\" \/>\n\t<meta property=\"og:image:width\" content=\"750\" \/>\n\t<meta property=\"og:image:height\" content=\"750\" \/>\n\t<meta property=\"og:image:type\" content=\"image\/jpeg\" \/>\n<meta name=\"author\" content=\"scrigno-com\" \/>\n<meta name=\"twitter:card\" content=\"summary_large_image\" \/>\n<meta name=\"twitter:label1\" content=\"Escrito por\" \/>\n\t<meta name=\"twitter:data1\" content=\"scrigno-com\" \/>\n<script type=\"application\/ld+json\" class=\"yoast-schema-graph\">{\"@context\":\"https:\/\/schema.org\",\"@graph\":[{\"@type\":\"Article\",\"@id\":\"https:\/\/www.scrigno.com\/es\/abre-las-puertas-el-primer-showroom-scrigno-en-praga\/#article\",\"isPartOf\":{\"@id\":\"https:\/\/www.scrigno.com\/es\/abre-las-puertas-el-primer-showroom-scrigno-en-praga\/\"},\"author\":{\"name\":\"scrigno-com\",\"@id\":\"https:\/\/www.scrigno.com\/es\/#\/schema\/person\/eeef33d4b4c6cd5ae798b7ca3c52c292\"},\"headline\":\"Abre las puertas el primer Showroom Scrigno en Praga\",\"datePublished\":\"2021-02-22T22:00:00+00:00\",\"dateModified\":\"2024-09-17T15:17:27+00:00\",\"mainEntityOfPage\":{\"@id\":\"https:\/\/www.scrigno.com\/es\/abre-las-puertas-el-primer-showroom-scrigno-en-praga\/\"},\"wordCount\":9,\"image\":{\"@id\":\"https:\/\/www.scrigno.com\/es\/abre-las-puertas-el-primer-showroom-scrigno-en-praga\/#primaryimage\"},\"thumbnailUrl\":\"https:\/\/www.scrigno.com\/wp-content\/uploads\/2024\/09\/showroom-scrigno-praga_copertina.jpg\",\"inLanguage\":\"es\"},{\"@type\":\"WebPage\",\"@id\":\"https:\/\/www.scrigno.com\/es\/abre-las-puertas-el-primer-showroom-scrigno-en-praga\/\",\"url\":\"https:\/\/www.scrigno.com\/es\/abre-las-puertas-el-primer-showroom-scrigno-en-praga\/\",\"name\":\"Abre las puertas el primer Showroom Scrigno en Praga - Scrigno\",\"isPartOf\":{\"@id\":\"https:\/\/www.scrigno.com\/es\/#website\"},\"primaryImageOfPage\":{\"@id\":\"https:\/\/www.scrigno.com\/es\/abre-las-puertas-el-primer-showroom-scrigno-en-praga\/#primaryimage\"},\"image\":{\"@id\":\"https:\/\/www.scrigno.com\/es\/abre-las-puertas-el-primer-showroom-scrigno-en-praga\/#primaryimage\"},\"thumbnailUrl\":\"https:\/\/www.scrigno.com\/wp-content\/uploads\/2024\/09\/showroom-scrigno-praga_copertina.jpg\",\"datePublished\":\"2021-02-22T22:00:00+00:00\",\"dateModified\":\"2024-09-17T15:17:27+00:00\",\"author\":{\"@id\":\"https:\/\/www.scrigno.com\/es\/#\/schema\/person\/eeef33d4b4c6cd5ae798b7ca3c52c292\"},\"breadcrumb\":{\"@id\":\"https:\/\/www.scrigno.com\/es\/abre-las-puertas-el-primer-showroom-scrigno-en-praga\/#breadcrumb\"},\"inLanguage\":\"es\",\"potentialAction\":[{\"@type\":\"ReadAction\",\"target\":[\"https:\/\/www.scrigno.com\/es\/abre-las-puertas-el-primer-showroom-scrigno-en-praga\/\"]}]},{\"@type\":\"ImageObject\",\"inLanguage\":\"es\",\"@id\":\"https:\/\/www.scrigno.com\/es\/abre-las-puertas-el-primer-showroom-scrigno-en-praga\/#primaryimage\",\"url\":\"https:\/\/www.scrigno.com\/wp-content\/uploads\/2024\/09\/showroom-scrigno-praga_copertina.jpg\",\"contentUrl\":\"https:\/\/www.scrigno.com\/wp-content\/uploads\/2024\/09\/showroom-scrigno-praga_copertina.jpg\",\"width\":750,\"height\":750},{\"@type\":\"BreadcrumbList\",\"@id\":\"https:\/\/www.scrigno.com\/es\/abre-las-puertas-el-primer-showroom-scrigno-en-praga\/#breadcrumb\",\"itemListElement\":[{\"@type\":\"ListItem\",\"position\":1,\"name\":\"Home\",\"item\":\"https:\/\/www.scrigno.com\/es\/\"},{\"@type\":\"ListItem\",\"position\":2,\"name\":\"Abre las puertas el primer Showroom Scrigno en Praga\"}]},{\"@type\":\"WebSite\",\"@id\":\"https:\/\/www.scrigno.com\/es\/#website\",\"url\":\"https:\/\/www.scrigno.com\/es\/\",\"name\":\"Scrigno\",\"description\":\"\",\"potentialAction\":[{\"@type\":\"SearchAction\",\"target\":{\"@type\":\"EntryPoint\",\"urlTemplate\":\"https:\/\/www.scrigno.com\/es\/?s={search_term_string}\"},\"query-input\":{\"@type\":\"PropertyValueSpecification\",\"valueRequired\":true,\"valueName\":\"search_term_string\"}}],\"inLanguage\":\"es\"},{\"@type\":\"Person\",\"@id\":\"https:\/\/www.scrigno.com\/es\/#\/schema\/person\/eeef33d4b4c6cd5ae798b7ca3c52c292\",\"name\":\"scrigno-com\",\"image\":{\"@type\":\"ImageObject\",\"inLanguage\":\"es\",\"@id\":\"https:\/\/www.scrigno.com\/es\/#\/schema\/person\/image\/\",\"url\":\"https:\/\/secure.gravatar.com\/avatar\/316c2b5ec1b6c82a8de14e74e40e38cd08951bc4ec97d16ea06e5987fea03d50?s=96&d=mm&r=g\",\"contentUrl\":\"https:\/\/secure.gravatar.com\/avatar\/316c2b5ec1b6c82a8de14e74e40e38cd08951bc4ec97d16ea06e5987fea03d50?s=96&d=mm&r=g\",\"caption\":\"scrigno-com\"},\"sameAs\":[\"https:\/\/www.scrigno.com\"]}]}<\/script>\n<!-- \/ Yoast SEO plugin. -->","yoast_head_json":{"title":"Abre las puertas el primer Showroom Scrigno en Praga - Scrigno","robots":{"index":"index","follow":"follow","max-snippet":"max-snippet:-1","max-image-preview":"max-image-preview:large","max-video-preview":"max-video-preview:-1"},"canonical":"https:\/\/www.scrigno.com\/es\/abre-las-puertas-el-primer-showroom-scrigno-en-praga\/","og_locale":"es_ES","og_type":"article","og_title":"Abre las puertas el primer Showroom Scrigno en Praga - Scrigno","og_description":"Scrigno S.R.O dise\u00f1a su primer Showroom despu\u00e9s de cinco a\u00f1os de presencia y \u00e9xito en el mercado checo","og_url":"https:\/\/www.scrigno.com\/es\/abre-las-puertas-el-primer-showroom-scrigno-en-praga\/","og_site_name":"Scrigno","article_published_time":"2021-02-22T22:00:00+00:00","article_modified_time":"2024-09-17T15:17:27+00:00","og_image":[{"width":750,"height":750,"url":"https:\/\/www.scrigno.com\/wp-content\/uploads\/2024\/09\/showroom-scrigno-praga_copertina.jpg","type":"image\/jpeg"}],"author":"scrigno-com","twitter_card":"summary_large_image","twitter_misc":{"Escrito por":"scrigno-com"},"schema":{"@context":"https:\/\/schema.org","@graph":[{"@type":"Article","@id":"https:\/\/www.scrigno.com\/es\/abre-las-puertas-el-primer-showroom-scrigno-en-praga\/#article","isPartOf":{"@id":"https:\/\/www.scrigno.com\/es\/abre-las-puertas-el-primer-showroom-scrigno-en-praga\/"},"author":{"name":"scrigno-com","@id":"https:\/\/www.scrigno.com\/es\/#\/schema\/person\/eeef33d4b4c6cd5ae798b7ca3c52c292"},"headline":"Abre las puertas el primer Showroom Scrigno en Praga","datePublished":"2021-02-22T22:00:00+00:00","dateModified":"2024-09-17T15:17:27+00:00","mainEntityOfPage":{"@id":"https:\/\/www.scrigno.com\/es\/abre-las-puertas-el-primer-showroom-scrigno-en-praga\/"},"wordCount":9,"image":{"@id":"https:\/\/www.scrigno.com\/es\/abre-las-puertas-el-primer-showroom-scrigno-en-praga\/#primaryimage"},"thumbnailUrl":"https:\/\/www.scrigno.com\/wp-content\/uploads\/2024\/09\/showroom-scrigno-praga_copertina.jpg","inLanguage":"es"},{"@type":"WebPage","@id":"https:\/\/www.scrigno.com\/es\/abre-las-puertas-el-primer-showroom-scrigno-en-praga\/","url":"https:\/\/www.scrigno.com\/es\/abre-las-puertas-el-primer-showroom-scrigno-en-praga\/","name":"Abre las puertas el primer Showroom Scrigno en Praga - Scrigno","isPartOf":{"@id":"https:\/\/www.scrigno.com\/es\/#website"},"primaryImageOfPage":{"@id":"https:\/\/www.scrigno.com\/es\/abre-las-puertas-el-primer-showroom-scrigno-en-praga\/#primaryimage"},"image":{"@id":"https:\/\/www.scrigno.com\/es\/abre-las-puertas-el-primer-showroom-scrigno-en-praga\/#primaryimage"},"thumbnailUrl":"https:\/\/www.scrigno.com\/wp-content\/uploads\/2024\/09\/showroom-scrigno-praga_copertina.jpg","datePublished":"2021-02-22T22:00:00+00:00","dateModified":"2024-09-17T15:17:27+00:00","author":{"@id":"https:\/\/www.scrigno.com\/es\/#\/schema\/person\/eeef33d4b4c6cd5ae798b7ca3c52c292"},"breadcrumb":{"@id":"https:\/\/www.scrigno.com\/es\/abre-las-puertas-el-primer-showroom-scrigno-en-praga\/#breadcrumb"},"inLanguage":"es","potentialAction":[{"@type":"ReadAction","target":["https:\/\/www.scrigno.com\/es\/abre-las-puertas-el-primer-showroom-scrigno-en-praga\/"]}]},{"@type":"ImageObject","inLanguage":"es","@id":"https:\/\/www.scrigno.com\/es\/abre-las-puertas-el-primer-showroom-scrigno-en-praga\/#primaryimage","url":"https:\/\/www.scrigno.com\/wp-content\/uploads\/2024\/09\/showroom-scrigno-praga_copertina.jpg","contentUrl":"https:\/\/www.scrigno.com\/wp-content\/uploads\/2024\/09\/showroom-scrigno-praga_copertina.jpg","width":750,"height":750},{"@type":"BreadcrumbList","@id":"https:\/\/www.scrigno.com\/es\/abre-las-puertas-el-primer-showroom-scrigno-en-praga\/#breadcrumb","itemListElement":[{"@type":"ListItem","position":1,"name":"Home","item":"https:\/\/www.scrigno.com\/es\/"},{"@type":"ListItem","position":2,"name":"Abre las puertas el primer Showroom Scrigno en Praga"}]},{"@type":"WebSite","@id":"https:\/\/www.scrigno.com\/es\/#website","url":"https:\/\/www.scrigno.com\/es\/","name":"Scrigno","description":"","potentialAction":[{"@type":"SearchAction","target":{"@type":"EntryPoint","urlTemplate":"https:\/\/www.scrigno.com\/es\/?s={search_term_string}"},"query-input":{"@type":"PropertyValueSpecification","valueRequired":true,"valueName":"search_term_string"}}],"inLanguage":"es"},{"@type":"Person","@id":"https:\/\/www.scrigno.com\/es\/#\/schema\/person\/eeef33d4b4c6cd5ae798b7ca3c52c292","name":"scrigno-com","image":{"@type":"ImageObject","inLanguage":"es","@id":"https:\/\/www.scrigno.com\/es\/#\/schema\/person\/image\/","url":"https:\/\/secure.gravatar.com\/avatar\/316c2b5ec1b6c82a8de14e74e40e38cd08951bc4ec97d16ea06e5987fea03d50?s=96&d=mm&r=g","contentUrl":"https:\/\/secure.gravatar.com\/avatar\/316c2b5ec1b6c82a8de14e74e40e38cd08951bc4ec97d16ea06e5987fea03d50?s=96&d=mm&r=g","caption":"scrigno-com"},"sameAs":["https:\/\/www.scrigno.com"]}]}},"_links":{"self":[{"href":"https:\/\/www.scrigno.com\/es\/wp-json\/wp\/v2\/posts\/9176","targetHints":{"allow":["GET"]}}],"collection":[{"href":"https:\/\/www.scrigno.com\/es\/wp-json\/wp\/v2\/posts"}],"about":[{"href":"https:\/\/www.scrigno.com\/es\/wp-json\/wp\/v2\/types\/post"}],"author":[{"embeddable":true,"href":"https:\/\/www.scrigno.com\/es\/wp-json\/wp\/v2\/users\/1"}],"replies":[{"embeddable":true,"href":"https:\/\/www.scrigno.com\/es\/wp-json\/wp\/v2\/comments?post=9176"}],"version-history":[{"count":0,"href":"https:\/\/www.scrigno.com\/es\/wp-json\/wp\/v2\/posts\/9176\/revisions"}],"wp:featuredmedia":[{"embeddable":true,"href":"https:\/\/www.scrigno.com\/es\/wp-json\/wp\/v2\/media\/9122"}],"wp:attachment":[{"href":"https:\/\/www.scrigno.com\/es\/wp-json\/wp\/v2\/media?parent=9176"}],"wp:term":[{"taxonomy":"category","embeddable":true,"href":"https:\/\/www.scrigno.com\/es\/wp-json\/wp\/v2\/categories?post=9176"},{"taxonomy":"post_tag","embeddable":true,"href":"https:\/\/www.scrigno.com\/es\/wp-json\/wp\/v2\/tags?post=9176"}],"curies":[{"name":"wp","href":"https:\/\/api.w.org\/{rel}","templated":true}]}}