{"id":14944,"date":"2025-07-15T11:04:21","date_gmt":"2025-07-15T09:04:21","guid":{"rendered":"https:\/\/www.scrigno.com\/?p=14944"},"modified":"2025-11-03T12:18:10","modified_gmt":"2025-11-03T10:18:10","slug":"scrigno-presente-arche","status":"publish","type":"post","link":"https:\/\/www.scrigno.com\/fr\/scrigno-presente-arche\/","title":{"rendered":"Scrigno pr\u00e9sente Arch\u00e8"},"content":{"rendered":"\n<p><\/p>\n\n\n    <div class=\"content-block wrapper text-only\">\n            \n    <div class=\"wrapped cols-8\">    <div class=\"content-block__text\">\n        <h3 class=\"content-block__text--title\">La nouvelle collection de portes blind\u00e9es sign\u00e9e Egidio Panzera<\/h3>\n        <p class=\"content-block__text--content\">Trois mod\u00e8les, trois lignes formelles, une seule vision conceptuelle\u00a0:<span style=\"font-size: 11pt; font-family: Arial, sans-serif; color: rgb(5, 30, 66); background-color: transparent; font-weight: 700; font-style: italic; font-variant-numeric: normal; font-variant-east-asian: normal; font-variant-alternates: normal; font-variant-position: normal; font-variant-emoji: normal; vertical-align: baseline;\"><\/span>une nouvelle fronti\u00e8re du design de la s\u00e9curit\u00e9 voit le jour.<\/p>\n\n            \n    \n    <\/div><\/div>\n    \n    \n    <\/div>\n\n    <div class=\"content-block wrapper image-only\">\n            \n    <div class=\"wrapped cols-12\">    <img decoding=\"async\" src=\"https:\/\/www.scrigno.com\/wp-content\/uploads\/2025\/07\/HERO.png\" class=\"content-block__image\"  alt=\"HERO\" \/><\/div>\n    \n    \n    <\/div>\n\n    <div class=\"content-block wrapper text-only\">\n            \n    <div class=\"wrapped cols-8\">    <div class=\"content-block__text\">\n        \n        <p class=\"content-block__text--content\">Scrigno ouvre un nouveau chapitre de son histoire avec <strong>Arch\u00e8<\/strong>, une collection de portes blind\u00e9es qui allie innovation technique, recherche esth\u00e9tique et vision architecturale. Le nom, d\u00e9riv\u00e9 du grec \u00ab \u1f00\u03c1\u03c7\u03ae \u00bb, \u00e9voque l\u2019origine, le principe fondateur d\u2019un projet. Celui de Scrigno repart d\u2019un \u00e9l\u00e9ment essentiel dans la vision de tout architecte\u00a0:\u00a0le mur. De ce point fixe prend forme une nouvelle id\u00e9e de l\u2019habitat, o\u00f9 le projet rencontre la beaut\u00e9 de mani\u00e8re naturelle et coh\u00e9rente avec l\u2019espace \u2013 un espace qui d\u00e9passe aujourd\u2019hui les fronti\u00e8res traditionnelles entre int\u00e9rieur et ext\u00e9rieur, et qui requiert des solutions offrant continuit\u00e9 visuelle, protection et harmonie architecturale dans les deux contextes.<br><br><\/p>\n\n            \n    \n    <\/div><\/div>\n    \n    \n    <\/div>\n\n    <div class=\"content-block wrapper image-right\">\n            <div class=\"content-block__spacer\"><\/div>\n    <div class=\"content-block__column-text\">    <div class=\"content-block__text\">\n        \n        <p class=\"content-block__text--content\">Le projet est sign\u00e9 <strong>Egidio Panzera<\/strong>, architecte et designer, qui assume pour Scrigno le r\u00f4le de directeur cr\u00e9atif de la nouvelle collection de portes blind\u00e9es. Avec Arch\u00e8, Panzera traduit en formes, mat\u00e9riaux et d\u00e9tails une id\u00e9e de porte blind\u00e9e qui va au-del\u00e0 du concept de seuil de protection pour devenir un \u00e9l\u00e9ment actif dans la narration de l\u2019espace.<br><br><em>\u00ab Scrigno est n\u00e9 de la rencontre entre technologie et cr\u00e9ativit\u00e9, interpr\u00e9tant l\u2019ouverture comme une surface \u00e0 concevoir. Arch\u00e8 donne forme \u00e0 cette vision\u00a0:\u00a0les portes blind\u00e9es sont pens\u00e9es en relation directe avec le mur, comme un \u00e9l\u00e9ment architectural en contact \u00e9troit avec la mati\u00e8re et la lumi\u00e8re.\u00a0\u00bb<\/em><br><em>\u2013 Egidio Panzera<\/em><\/p>\n\n            \n    \n    <\/div><\/div>\n    <div class=\"content-block__column-image\">    <img decoding=\"async\" src=\"https:\/\/www.scrigno.com\/wp-content\/uploads\/2025\/07\/Paragrafo1.png\" class=\"content-block__image\"  alt=\"Paragrafo1\" \/><\/div>\n    <div class=\"content-block__spacer\"><\/div>\n    <\/div>\n\n    <div class=\"content-block wrapper text-only\">\n            \n    <div class=\"wrapped cols-8\">    <div class=\"content-block__text\">\n        \n        <p class=\"content-block__text--content\">Arch\u00e8 est le fruit d\u2019une r\u00e9flexion sur le pr\u00e9sent et sur le changement des personnes. Cette collection interpr\u00e8te une nouvelle conception de l\u2019habitat \u2013 plus sensible, \u00e9motionnelle, consciente \u2013, o\u00f9 la maison devient refuge, relation, harmonie entre temps priv\u00e9 et temps professionnel. L\u2019approche conceptuelle d\u2019Arch\u00e8 est profond\u00e9ment centr\u00e9e sur l\u2019humain\u00a0:\u00a0elle refl\u00e8te la recherche g\u00e9n\u00e9ralis\u00e9e d\u2019\u00e9quilibre, de bien-\u00eatre, de connexion authentique avec les mat\u00e9riaux et les espaces.<\/p>\n\n            \n    \n    <\/div><\/div>\n    \n    \n    <\/div>\n\n    <div class=\"content-block wrapper image-only\">\n            \n    <div class=\"wrapped cols-8\">    <img decoding=\"async\" src=\"https:\/\/www.scrigno.com\/wp-content\/uploads\/2025\/07\/Accordo.png\" class=\"content-block__image\"  alt=\"Accordo\" \/><\/div>\n    \n    \n    <\/div>\n\n    <div class=\"content-block wrapper text-only\">\n            \n    <div class=\"wrapped cols-8\">    <div class=\"content-block__text\">\n        <h3 class=\"content-block__text--title\">Trois mod\u00e8les, une seule philosophie<\/h3>\n        <p class=\"content-block__text--content\">La collection de portes blind\u00e9es Arch\u00e8 se d\u00e9cline en trois mod\u00e8les coplanaires, con\u00e7us pour offrir une libert\u00e9 de conception et une pr\u00e9cision technique maximales\u00a0:<\/p>\n\n            \n    \n    <\/div><\/div>\n    \n    \n    <\/div>\n\n    <div class=\"content-block wrapper image-left\">\n            <div class=\"content-block__spacer\"><\/div>\n    <div class=\"content-block__column-image\">    <img decoding=\"async\" src=\"https:\/\/www.scrigno.com\/wp-content\/uploads\/2025\/07\/LEVOS_PART02_design-Accordo-scaled.jpg\" class=\"content-block__image\"  alt=\"LEVOS_PART02_design Accordo\" \/><\/div>\n    <div class=\"content-block__column-text\">    <div class=\"content-block__text\">\n        \n        <p class=\"content-block__text--content\"><strong>Axial <\/strong>\u2013 avec une ouverture pivotante \u00e0 fil de cloison, pour un impact visuel essentiel et majestueux.<br><br><strong>Levos <\/strong>\u2013 avec une ouverture \u00e0 battant \u00e0 fil de cloison, qui met en valeur la parfaite int\u00e9gration dans le mur.<br><br><strong>Synkro <\/strong>\u2013 avec une ouverture \u00e0 battant coplanaire au cache-joint, pour les int\u00e9rieurs qui requi\u00e8rent une \u00e9l\u00e9gance discr\u00e8te et des solutions polyvalentes.<br><br>La coplanarit\u00e9 sur le c\u00f4t\u00e9 int\u00e9rieur, c\u2019est-\u00e0-dire la parfaite continuit\u00e9 entre la porte et le mur\/cache-joint, refl\u00e8te l\u2019une des tendances majeures du design contemporain\u00a0:\u00a0cr\u00e9er des espaces fluides et coh\u00e9rents, o\u00f9 les \u00e9l\u00e9ments architecturaux dialoguent entre eux de mani\u00e8re discr\u00e8te mais identitaire. La face int\u00e9rieure des portes de la ligne Arch\u00e8 est enti\u00e8rement personnalisable pour garantir une int\u00e9gration parfaite avec les murs et cr\u00e9er ainsi une esth\u00e9tique \u00e9pur\u00e9e, continue, presque invisible.<br>Sur le c\u00f4t\u00e9 ext\u00e9rieur, en revanche, les panneaux des lignes Materia, Tracce et Heritage exposent une vision plus expressive du design qui allie mati\u00e8re, narration et mesure. C\u2019est dans ce contexte que s\u2019inscrit \u00e9galement le Rigatino, un nouveau cache-ch\u00e2ssis et profil\u00e9 int\u00e9rieur con\u00e7u par Egidio Panzera\u00a0:\u00a0une finition qui, avec sa texture verticale, d\u00e9finit un trait graphique subtil mais distinctif, capable de souligner l\u2019\u00e9l\u00e9gance constructive du syst\u00e8me et de cr\u00e9er un signe reconnaissable, m\u00eame dans la plus grande simplicit\u00e9 formelle.<br>Les mod\u00e8les de la collection Arch\u00e8 confirment la flexibilit\u00e9 et la coh\u00e9rence de toute la plateforme\u00a0:\u00a0une structure con\u00e7ue pour r\u00e9pondre avec pr\u00e9cision aux exigences du monde du design et aux nouvelles tendances en mati\u00e8re d\u2019habitat.<\/p>\n\n            \n    \n    <\/div><\/div>\n    <div class=\"content-block__spacer\"><\/div>\n    <\/div>\n\n    <div class=\"content-block wrapper image-only\">\n            \n    <div class=\"wrapped cols-8\">    <img decoding=\"async\" src=\"https:\/\/www.scrigno.com\/wp-content\/uploads\/2025\/07\/Levos_Accordo.png\" class=\"content-block__image\"  alt=\"Levos_Accordo\" \/><\/div>\n    \n    \n    <\/div>\n\n    <div class=\"content-block wrapper text-only\">\n            \n    <div class=\"wrapped cols-8\">    <div class=\"content-block__text\">\n        <h3 class=\"content-block__text--title\">Materia, Tracce, Heritage : les trois lignes formelles de la collection Arch\u00e8<\/h3>\n        <p class=\"content-block__text--content\">La collection de portes blind\u00e9es Arch\u00e8 se d\u00e9cline en trois lignes formelles d\u00e9di\u00e9es \u00e0 l\u2019esth\u00e9tique ext\u00e9rieure \u2013 <strong>Materia<\/strong>, <strong>Tracce<\/strong>, <strong>Heritage<\/strong> \u2013 disponibles pour tous les mod\u00e8les, chacune avec un imaginaire pr\u00e9cis.<br><br><strong>Materia<\/strong> est l\u2019embl\u00e8me de la nouvelle sensibilit\u00e9 conceptuelle de Scrigno\u00a0:\u00a0une narration faite de textures, de g\u00e9om\u00e9tries, de surfaces et de sensations tactiles. Les designs de cette ligne sont le r\u00e9sultat d\u2019une \u00e9tude minutieuse et d\u2019une s\u00e9lection rigoureuse de mat\u00e9riaux nobles, avec des finitions et des textures allant du <strong>Marbre Vert Brillant<\/strong> au <strong>Calacatta Or Poli<\/strong>, de la <strong>Pierre Piasentina Bouchard\u00e9e<\/strong> \u00e0 l\u2019<strong>Acier Brut<\/strong>, du <strong>Laiton Vieilli<\/strong> aux verres, en passant par les bois plaqu\u00e9s et les essences en relief.<br><br>En combinant diff\u00e9rents mat\u00e9riaux, formes et couleurs, Materia offre un \u00e9ventail de solutions de composition qui donnent des r\u00e9sultats uniques et saisissants. Les associations propos\u00e9es par Panzera ne sont pas des contraintes, mais des suggestions initiales\u00a0:\u00a0des stimuli pour lib\u00e9rer la cr\u00e9ativit\u00e9 du concepteur, en offrant une personnalisation maximale et une grande libert\u00e9 d\u2019expression. Chaque surface ext\u00e9rieure est con\u00e7ue pour dialoguer avec l\u2019espace, pour accueillir la lumi\u00e8re, pour transmettre des \u00e9motions.<br><br><\/p>\n\n            \n    \n    <\/div><\/div>\n    \n    \n    <\/div>\n\n    <div class=\"content-block wrapper image-right\">\n            <div class=\"content-block__spacer\"><\/div>\n    <div class=\"content-block__column-text\">    <div class=\"content-block__text\">\n        \n        <p class=\"content-block__text--content\">Les designs de la ligne Materia traduisent ces concepts en solutions visuelles et tactiles\u00a0:<br><br><strong>Accordo\u00a0<\/strong>:\u00a0une rencontre harmonieuse entre les mat\u00e9riaux et les volumes, o\u00f9 la plinthe haute se transforme en m\u00e9moire architecturale.<br><br><strong>Frammento\u00a0<\/strong>:\u00a0l\u2019id\u00e9e de la mati\u00e8re bris\u00e9e et recompos\u00e9e, telle une mosa\u00efque d\u2019exp\u00e9riences.<br><br><strong>Tratto<\/strong>\u00a0:\u00a0des lignes grav\u00e9es qui deviennent un geste graphique, un r\u00e9cit.<br><br><strong>Trama\u00a0<\/strong>:\u00a0des entrelacs sculpt\u00e9s dans la surface, une \u00e9vocation du textile et de la mati\u00e8re vivante.<br><br><strong>Segmento\u00a0<\/strong>:\u00a0rythme et proportion, un exercice d\u2019essentialit\u00e9.<br><br><strong>Tracce <\/strong>est une ligne qui explore le pouvoir \u00e9vocateur de la surface grav\u00e9e. N\u00e9e d\u2019une r\u00e9flexion d\u2019Egidio Panzera sur la relation entre l\u2019identit\u00e9 mat\u00e9rielle et la lumi\u00e8re, elle transforme la porte en une carte de suggestions visuelles et tactiles. Les panneaux ext\u00e9rieurs s\u2019inspirent de paysages naturels, de textures organiques et d\u2019arch\u00e9types architecturaux intemporels, devenant un alphabet de signes offert au concepteur pour composer des r\u00e9cits uniques. Gr\u00e2ce \u00e0 des techniques de gravure sophistiqu\u00e9es, les panneaux Tracce prennent vie et invitent le regard \u00e0 s\u2019arr\u00eater, \u00e0 lire, \u00e0 imaginer.<br><br><strong>Heritage <\/strong>est n\u00e9e de l\u2019id\u00e9e d\u2019une \u00e9l\u00e9gance sobre et intemporelle. Panzera a personnellement s\u00e9lectionn\u00e9 ces panneaux qui r\u00e9interpr\u00e8tent la chaleur de la tradition \u00e0 travers une esth\u00e9tique actuelle et raffin\u00e9e. Con\u00e7ue pour s\u2019adapter avec aisance \u00e0 des contextes tr\u00e8s diff\u00e9rents \u2013 des plus rigoureux aux espaces soumis \u00e0 des contraintes architecturales ou historiques \u2013, cette ligne offre une palette polyvalente de textures, de couleurs et de veinures pour habiller chaque projet avec coh\u00e9rence et caract\u00e8re.<br><br>Chaque design de Materia, Tracce et Heritage est pens\u00e9 pour dialoguer avec le mur ext\u00e9rieur, accueillir la lumi\u00e8re et \u00e9mouvoir ceux qui traversent l\u2019espace.<span id=\"docs-internal-guid-887815c5-7fff-a0d9-2a13-c3e80d346d0c\"><div><span style=\"font-size: 11pt; font-family: Arial, sans-serif; color: rgb(5, 30, 66); background-color: transparent; font-variant-numeric: normal; font-variant-east-asian: normal; font-variant-alternates: normal; font-variant-position: normal; font-variant-emoji: normal; vertical-align: baseline;\"><\/span><\/div><\/span><\/p>\n\n            \n    \n    <\/div><\/div>\n    <div class=\"content-block__column-image\">    <img decoding=\"async\" src=\"https:\/\/www.scrigno.com\/wp-content\/uploads\/2025\/07\/AXIAL_PART_03-Accordo-scaled.jpg\" class=\"content-block__image\"  alt=\"AXIAL_PART_03 Accordo\" \/><\/div>\n    <div class=\"content-block__spacer\"><\/div>\n    <\/div>\n\n    <div class=\"content-block wrapper text-only\">\n            \n    <div class=\"wrapped cols-8\">    <div class=\"content-block__text\">\n        <h3 class=\"content-block__text--title\">Au-del\u00e0 du seuil, un nouveau regard sur l\u2019habitat<\/h3>\n        <p class=\"content-block__text--content\">Arch\u00e8 est le pr\u00e9lude \u00e0 une nouvelle fa\u00e7on de concevoir l\u2019identit\u00e9 Scrigno\u00a0:\u00a0une marque qui offre non seulement des syst\u00e8mes d\u2019ouverture, mais aussi des solutions architecturales \u2013 des portes coulissantes aux galandages, des escaliers design aux portes blind\u00e9es \u2013 o\u00f9 rigueur technique et vision cr\u00e9ative se rencontrent pour donner forme \u00e0 un habitat sensible, relationnel et contemporain.<\/p>\n\n            \n    \n    <\/div><\/div>\n    \n    \n    <\/div>","protected":false},"excerpt":{"rendered":"","protected":false},"author":5,"featured_media":18560,"comment_status":"open","ping_status":"open","sticky":false,"template":"","format":"standard","meta":{"_acf_changed":false,"footnotes":""},"categories":[],"tags":[],"class_list":["post-14944","post","type-post","status-publish","format-standard","has-post-thumbnail","hentry"],"acf":[],"yoast_head":"<!-- This site is optimized with the Yoast SEO plugin v27.1.1 - https:\/\/yoast.com\/product\/yoast-seo-wordpress\/ -->\n<title>Scrigno presenta Arch\u00e9: la nuova collezione di porte blindate<\/title>\n<meta name=\"description\" content=\"Firmata Egidio Panzera. Tre modelli, tre linee formali, un\u2019unica visione progettuale: nasce una nuova frontiera del design della sicurezza\" \/>\n<meta name=\"robots\" content=\"index, follow, max-snippet:-1, max-image-preview:large, max-video-preview:-1\" \/>\n<link rel=\"canonical\" href=\"https:\/\/www.scrigno.com\/fr\/scrigno-presente-arche\/\" \/>\n<meta property=\"og:locale\" content=\"fr_FR\" \/>\n<meta property=\"og:type\" content=\"article\" \/>\n<meta property=\"og:title\" content=\"Scrigno presenta Arch\u00e9: la nuova collezione di porte blindate\" \/>\n<meta property=\"og:description\" content=\"Firmata Egidio Panzera. Tre modelli, tre linee formali, un\u2019unica visione progettuale: nasce una nuova frontiera del design della sicurezza\" \/>\n<meta property=\"og:url\" content=\"https:\/\/www.scrigno.com\/fr\/scrigno-presente-arche\/\" \/>\n<meta property=\"og:site_name\" content=\"Scrigno\" \/>\n<meta property=\"article:published_time\" content=\"2025-07-15T09:04:21+00:00\" \/>\n<meta property=\"article:modified_time\" content=\"2025-11-03T10:18:10+00:00\" \/>\n<meta property=\"og:image\" content=\"https:\/\/www.scrigno.com\/wp-content\/uploads\/2025\/07\/Preview.jpg\" \/>\n\t<meta property=\"og:image:width\" content=\"1080\" \/>\n\t<meta property=\"og:image:height\" content=\"1080\" \/>\n\t<meta property=\"og:image:type\" content=\"image\/jpeg\" \/>\n<meta name=\"author\" content=\"marco.buratti@dinova.one\" \/>\n<meta name=\"twitter:card\" content=\"summary_large_image\" \/>\n<meta name=\"twitter:label1\" content=\"\u00c9crit par\" \/>\n\t<meta name=\"twitter:data1\" content=\"marco.buratti@dinova.one\" \/>\n\t<meta name=\"twitter:label2\" content=\"Dur\u00e9e de lecture estim\u00e9e\" \/>\n\t<meta name=\"twitter:data2\" content=\"1 minute\" \/>\n<script type=\"application\/ld+json\" class=\"yoast-schema-graph\">{\"@context\":\"https:\/\/schema.org\",\"@graph\":[{\"@type\":\"Article\",\"@id\":\"https:\/\/www.scrigno.com\/fr\/scrigno-presente-arche\/#article\",\"isPartOf\":{\"@id\":\"https:\/\/www.scrigno.com\/fr\/scrigno-presente-arche\/\"},\"author\":{\"name\":\"marco.buratti@dinova.one\",\"@id\":\"https:\/\/www.scrigno.com\/fr\/#\/schema\/person\/0d419e33671abbf3f9d8f46b32f6debb\"},\"headline\":\"Scrigno pr\u00e9sente Arch\u00e8\",\"datePublished\":\"2025-07-15T09:04:21+00:00\",\"dateModified\":\"2025-11-03T10:18:10+00:00\",\"mainEntityOfPage\":{\"@id\":\"https:\/\/www.scrigno.com\/fr\/scrigno-presente-arche\/\"},\"wordCount\":4,\"commentCount\":0,\"image\":{\"@id\":\"https:\/\/www.scrigno.com\/fr\/scrigno-presente-arche\/#primaryimage\"},\"thumbnailUrl\":\"https:\/\/www.scrigno.com\/wp-content\/uploads\/2025\/07\/Preview.jpg\",\"inLanguage\":\"fr-FR\",\"potentialAction\":[{\"@type\":\"CommentAction\",\"name\":\"Comment\",\"target\":[\"https:\/\/www.scrigno.com\/fr\/scrigno-presente-arche\/#respond\"]}]},{\"@type\":\"WebPage\",\"@id\":\"https:\/\/www.scrigno.com\/fr\/scrigno-presente-arche\/\",\"url\":\"https:\/\/www.scrigno.com\/fr\/scrigno-presente-arche\/\",\"name\":\"Scrigno presenta Arch\u00e9: la nuova collezione di porte blindate\",\"isPartOf\":{\"@id\":\"https:\/\/www.scrigno.com\/fr\/#website\"},\"primaryImageOfPage\":{\"@id\":\"https:\/\/www.scrigno.com\/fr\/scrigno-presente-arche\/#primaryimage\"},\"image\":{\"@id\":\"https:\/\/www.scrigno.com\/fr\/scrigno-presente-arche\/#primaryimage\"},\"thumbnailUrl\":\"https:\/\/www.scrigno.com\/wp-content\/uploads\/2025\/07\/Preview.jpg\",\"datePublished\":\"2025-07-15T09:04:21+00:00\",\"dateModified\":\"2025-11-03T10:18:10+00:00\",\"author\":{\"@id\":\"https:\/\/www.scrigno.com\/fr\/#\/schema\/person\/0d419e33671abbf3f9d8f46b32f6debb\"},\"description\":\"Firmata Egidio Panzera. Tre modelli, tre linee formali, un\u2019unica visione progettuale: nasce una nuova frontiera del design della sicurezza\",\"breadcrumb\":{\"@id\":\"https:\/\/www.scrigno.com\/fr\/scrigno-presente-arche\/#breadcrumb\"},\"inLanguage\":\"fr-FR\",\"potentialAction\":[{\"@type\":\"ReadAction\",\"target\":[\"https:\/\/www.scrigno.com\/fr\/scrigno-presente-arche\/\"]}]},{\"@type\":\"ImageObject\",\"inLanguage\":\"fr-FR\",\"@id\":\"https:\/\/www.scrigno.com\/fr\/scrigno-presente-arche\/#primaryimage\",\"url\":\"https:\/\/www.scrigno.com\/wp-content\/uploads\/2025\/07\/Preview.jpg\",\"contentUrl\":\"https:\/\/www.scrigno.com\/wp-content\/uploads\/2025\/07\/Preview.jpg\",\"width\":1080,\"height\":1080},{\"@type\":\"BreadcrumbList\",\"@id\":\"https:\/\/www.scrigno.com\/fr\/scrigno-presente-arche\/#breadcrumb\",\"itemListElement\":[{\"@type\":\"ListItem\",\"position\":1,\"name\":\"Home\",\"item\":\"https:\/\/www.scrigno.com\/fr\/\"},{\"@type\":\"ListItem\",\"position\":2,\"name\":\"Scrigno pr\u00e9sente Arch\u00e8\"}]},{\"@type\":\"WebSite\",\"@id\":\"https:\/\/www.scrigno.com\/fr\/#website\",\"url\":\"https:\/\/www.scrigno.com\/fr\/\",\"name\":\"Scrigno\",\"description\":\"\",\"potentialAction\":[{\"@type\":\"SearchAction\",\"target\":{\"@type\":\"EntryPoint\",\"urlTemplate\":\"https:\/\/www.scrigno.com\/fr\/?s={search_term_string}\"},\"query-input\":{\"@type\":\"PropertyValueSpecification\",\"valueRequired\":true,\"valueName\":\"search_term_string\"}}],\"inLanguage\":\"fr-FR\"},{\"@type\":\"Person\",\"@id\":\"https:\/\/www.scrigno.com\/fr\/#\/schema\/person\/0d419e33671abbf3f9d8f46b32f6debb\",\"name\":\"marco.buratti@dinova.one\",\"image\":{\"@type\":\"ImageObject\",\"inLanguage\":\"fr-FR\",\"@id\":\"https:\/\/www.scrigno.com\/fr\/#\/schema\/person\/image\/\",\"url\":\"https:\/\/secure.gravatar.com\/avatar\/0ec2a51f65286aaadaf6ce366386bc97ede50b37f0d09de57b3d014d2f4e566a?s=96&d=mm&r=g\",\"contentUrl\":\"https:\/\/secure.gravatar.com\/avatar\/0ec2a51f65286aaadaf6ce366386bc97ede50b37f0d09de57b3d014d2f4e566a?s=96&d=mm&r=g\",\"caption\":\"marco.buratti@dinova.one\"}}]}<\/script>\n<!-- \/ Yoast SEO plugin. -->","yoast_head_json":{"title":"Scrigno presenta Arch\u00e9: la nuova collezione di porte blindate","description":"Firmata Egidio Panzera. Tre modelli, tre linee formali, un\u2019unica visione progettuale: nasce una nuova frontiera del design della sicurezza","robots":{"index":"index","follow":"follow","max-snippet":"max-snippet:-1","max-image-preview":"max-image-preview:large","max-video-preview":"max-video-preview:-1"},"canonical":"https:\/\/www.scrigno.com\/fr\/scrigno-presente-arche\/","og_locale":"fr_FR","og_type":"article","og_title":"Scrigno presenta Arch\u00e9: la nuova collezione di porte blindate","og_description":"Firmata Egidio Panzera. Tre modelli, tre linee formali, un\u2019unica visione progettuale: nasce una nuova frontiera del design della sicurezza","og_url":"https:\/\/www.scrigno.com\/fr\/scrigno-presente-arche\/","og_site_name":"Scrigno","article_published_time":"2025-07-15T09:04:21+00:00","article_modified_time":"2025-11-03T10:18:10+00:00","og_image":[{"width":1080,"height":1080,"url":"https:\/\/www.scrigno.com\/wp-content\/uploads\/2025\/07\/Preview.jpg","type":"image\/jpeg"}],"author":"marco.buratti@dinova.one","twitter_card":"summary_large_image","twitter_misc":{"\u00c9crit par":"marco.buratti@dinova.one","Dur\u00e9e de lecture estim\u00e9e":"1 minute"},"schema":{"@context":"https:\/\/schema.org","@graph":[{"@type":"Article","@id":"https:\/\/www.scrigno.com\/fr\/scrigno-presente-arche\/#article","isPartOf":{"@id":"https:\/\/www.scrigno.com\/fr\/scrigno-presente-arche\/"},"author":{"name":"marco.buratti@dinova.one","@id":"https:\/\/www.scrigno.com\/fr\/#\/schema\/person\/0d419e33671abbf3f9d8f46b32f6debb"},"headline":"Scrigno pr\u00e9sente Arch\u00e8","datePublished":"2025-07-15T09:04:21+00:00","dateModified":"2025-11-03T10:18:10+00:00","mainEntityOfPage":{"@id":"https:\/\/www.scrigno.com\/fr\/scrigno-presente-arche\/"},"wordCount":4,"commentCount":0,"image":{"@id":"https:\/\/www.scrigno.com\/fr\/scrigno-presente-arche\/#primaryimage"},"thumbnailUrl":"https:\/\/www.scrigno.com\/wp-content\/uploads\/2025\/07\/Preview.jpg","inLanguage":"fr-FR","potentialAction":[{"@type":"CommentAction","name":"Comment","target":["https:\/\/www.scrigno.com\/fr\/scrigno-presente-arche\/#respond"]}]},{"@type":"WebPage","@id":"https:\/\/www.scrigno.com\/fr\/scrigno-presente-arche\/","url":"https:\/\/www.scrigno.com\/fr\/scrigno-presente-arche\/","name":"Scrigno presenta Arch\u00e9: la nuova collezione di porte blindate","isPartOf":{"@id":"https:\/\/www.scrigno.com\/fr\/#website"},"primaryImageOfPage":{"@id":"https:\/\/www.scrigno.com\/fr\/scrigno-presente-arche\/#primaryimage"},"image":{"@id":"https:\/\/www.scrigno.com\/fr\/scrigno-presente-arche\/#primaryimage"},"thumbnailUrl":"https:\/\/www.scrigno.com\/wp-content\/uploads\/2025\/07\/Preview.jpg","datePublished":"2025-07-15T09:04:21+00:00","dateModified":"2025-11-03T10:18:10+00:00","author":{"@id":"https:\/\/www.scrigno.com\/fr\/#\/schema\/person\/0d419e33671abbf3f9d8f46b32f6debb"},"description":"Firmata Egidio Panzera. Tre modelli, tre linee formali, un\u2019unica visione progettuale: nasce una nuova frontiera del design della sicurezza","breadcrumb":{"@id":"https:\/\/www.scrigno.com\/fr\/scrigno-presente-arche\/#breadcrumb"},"inLanguage":"fr-FR","potentialAction":[{"@type":"ReadAction","target":["https:\/\/www.scrigno.com\/fr\/scrigno-presente-arche\/"]}]},{"@type":"ImageObject","inLanguage":"fr-FR","@id":"https:\/\/www.scrigno.com\/fr\/scrigno-presente-arche\/#primaryimage","url":"https:\/\/www.scrigno.com\/wp-content\/uploads\/2025\/07\/Preview.jpg","contentUrl":"https:\/\/www.scrigno.com\/wp-content\/uploads\/2025\/07\/Preview.jpg","width":1080,"height":1080},{"@type":"BreadcrumbList","@id":"https:\/\/www.scrigno.com\/fr\/scrigno-presente-arche\/#breadcrumb","itemListElement":[{"@type":"ListItem","position":1,"name":"Home","item":"https:\/\/www.scrigno.com\/fr\/"},{"@type":"ListItem","position":2,"name":"Scrigno pr\u00e9sente Arch\u00e8"}]},{"@type":"WebSite","@id":"https:\/\/www.scrigno.com\/fr\/#website","url":"https:\/\/www.scrigno.com\/fr\/","name":"Scrigno","description":"","potentialAction":[{"@type":"SearchAction","target":{"@type":"EntryPoint","urlTemplate":"https:\/\/www.scrigno.com\/fr\/?s={search_term_string}"},"query-input":{"@type":"PropertyValueSpecification","valueRequired":true,"valueName":"search_term_string"}}],"inLanguage":"fr-FR"},{"@type":"Person","@id":"https:\/\/www.scrigno.com\/fr\/#\/schema\/person\/0d419e33671abbf3f9d8f46b32f6debb","name":"marco.buratti@dinova.one","image":{"@type":"ImageObject","inLanguage":"fr-FR","@id":"https:\/\/www.scrigno.com\/fr\/#\/schema\/person\/image\/","url":"https:\/\/secure.gravatar.com\/avatar\/0ec2a51f65286aaadaf6ce366386bc97ede50b37f0d09de57b3d014d2f4e566a?s=96&d=mm&r=g","contentUrl":"https:\/\/secure.gravatar.com\/avatar\/0ec2a51f65286aaadaf6ce366386bc97ede50b37f0d09de57b3d014d2f4e566a?s=96&d=mm&r=g","caption":"marco.buratti@dinova.one"}}]}},"_links":{"self":[{"href":"https:\/\/www.scrigno.com\/fr\/wp-json\/wp\/v2\/posts\/14944","targetHints":{"allow":["GET"]}}],"collection":[{"href":"https:\/\/www.scrigno.com\/fr\/wp-json\/wp\/v2\/posts"}],"about":[{"href":"https:\/\/www.scrigno.com\/fr\/wp-json\/wp\/v2\/types\/post"}],"author":[{"embeddable":true,"href":"https:\/\/www.scrigno.com\/fr\/wp-json\/wp\/v2\/users\/5"}],"replies":[{"embeddable":true,"href":"https:\/\/www.scrigno.com\/fr\/wp-json\/wp\/v2\/comments?post=14944"}],"version-history":[{"count":0,"href":"https:\/\/www.scrigno.com\/fr\/wp-json\/wp\/v2\/posts\/14944\/revisions"}],"wp:featuredmedia":[{"embeddable":true,"href":"https:\/\/www.scrigno.com\/fr\/wp-json\/wp\/v2\/media\/18560"}],"wp:attachment":[{"href":"https:\/\/www.scrigno.com\/fr\/wp-json\/wp\/v2\/media?parent=14944"}],"wp:term":[{"taxonomy":"category","embeddable":true,"href":"https:\/\/www.scrigno.com\/fr\/wp-json\/wp\/v2\/categories?post=14944"},{"taxonomy":"post_tag","embeddable":true,"href":"https:\/\/www.scrigno.com\/fr\/wp-json\/wp\/v2\/tags?post=14944"}],"curies":[{"name":"wp","href":"https:\/\/api.w.org\/{rel}","templated":true}]}}