{"id":15244,"date":"2025-09-05T13:02:11","date_gmt":"2025-09-05T11:02:11","guid":{"rendered":"https:\/\/www.scrigno.com\/?p=15244"},"modified":"2025-09-09T17:02:56","modified_gmt":"2025-09-09T15:02:56","slug":"scrigno-partecipa-alla-42-a-edizione-del-cersaie","status":"publish","type":"post","link":"https:\/\/www.scrigno.com\/it\/scrigno-partecipa-alla-42-a-edizione-del-cersaie\/","title":{"rendered":"Scrigno partecipa alla 42\u00b0 edizione del Cersaie"},"content":{"rendered":"    <div class=\"content-block wrapper text-only\">\n            \n    <div class=\"wrapped cols-8\">    <div class=\"content-block__text\">\n        <h3 class=\"content-block__text--title\">Materia, architettura e visione: un nuovo paesaggio progettuale<\/h3>\n        <p class=\"content-block__text--content\">In occasione della 42\u00b0 edizione del Cersaie \u2013 il Salone Internazionale della Ceramica per l\u2019Architettura e<br>dell\u2019Arredobagno \u2013 Scrigno presenta un nuovo spazio espositivo (Padiglione 31 \u2013 Stand B1), progettato per<br>raccontare l\u2019evoluzione del brand e riflettere con coerenza il nuovo corso aziendale, sempre pi\u00f9 legato al<br>mondo del progetto e dell\u2019interior design.<br><br>Un nuovo habitat immersivo, pensato per architetti, interior designer e clienti, che potranno scoprire le pi\u00f9<br>recenti collezioni e visioni firmate Scrigno.<\/p>\n\n            \n    \n    <\/div><\/div>\n    \n    \n    <\/div>\n\n    <div class=\"content-block wrapper text-only\">\n            \n    <div class=\"wrapped cols-8\">    <div class=\"content-block__text\">\n        <h3 class=\"content-block__text--title\">Un ecosistema di superfici e sistemi progettuali<\/h3>\n        <p class=\"content-block__text--content\">In mostra, un sistema integrato di architetture per interni che include porte da interni, porte blindate e scale<br>d\u2019arredo \u2014 non pi\u00f9 semplici elementi funzionali, ma strumenti espressivi per definire e connettere lo spazio<br>abitato. Linee essenziali, geometrie calibrate e finiture inedite si fondono in una proposta capace di dare<br>forma a linguaggi progettuali trasversali, in dialogo con le esigenze di un pubblico colto e consapevole.<\/p>\n\n            \n    \n    <\/div><\/div>\n    \n    \n    <\/div>\n\n    <div class=\"content-block wrapper text-only\">\n            \n    <div class=\"wrapped cols-8\">    <div class=\"content-block__text\">\n        <h3 class=\"content-block__text--title\">Una nuova idea di soglia<\/h3>\n        <p class=\"content-block__text--content\">Il percorso espositivo offrir\u00e0 un\u2019interpretazione poetica e radicale della soglia come elemento architettonico<br>e narrativo.<br>Le nuove collezioni, nate dalla collaborazione con importanti studi di architettura, si inseriscono in una<br>riflessione pi\u00f9 ampia sull\u2019abitare contemporaneo: superfici che raccontano, materiali che emozionano,<br>volumi pensati per fondersi con l\u2019architettura o emergere con forza scultorea.<br>Scrigno non \u00e8 solo progettazione: \u00e8 visione, relazione e capacit\u00e0 di immaginare insieme nuove possibilit\u00e0<br>dell\u2019abitare.<br><br>CERSAIE \u2013 Bologna Fiera<br>Dal 22 al 26 settembre 2025<br>Orari di apertura:<br>Lun\/Gio 9.00 a.m. &#8211; 7.00 p.m.<br>Ven 9.00 a.m. &#8211; 6.00 p.m.<br><br>SCRIGNO &#8211; Padiglione 31 \u2013 Stand B1<br>Instagram: <a href=\"https:\/\/www.instagram.com\/scrignospa\/\">@scrignospa<\/a><br><a href=\"https:\/\/www.cersaie.it\/biglietto\/5551a8685\" target=\"_blank\" rel=\"noreferrer noopener\"><strong>SCARICA IL TUO BIGLIETTO D\u2019INGRESSO GRATUITO<\/strong><br><\/a><\/p>\n\n            \n    \n    <\/div><\/div>\n    \n    \n    <\/div>\n\n    <div class=\"content-block wrapper image-only\">\n            \n    <div class=\"wrapped cols-8\">    <img decoding=\"async\" src=\"https:\/\/www.scrigno.com\/wp-content\/uploads\/2025\/09\/Scrigno_News_Sito_Cersaie_2025_IMG_Pagina_Interna_1440x600px.jpg\" class=\"content-block__image\"  alt=\"Scrigno_News_Sito_Cersaie_2025_IMG_Pagina_Interna_1440x600px\" \/><\/div>\n    \n    \n    <\/div>","protected":false},"excerpt":{"rendered":"","protected":false},"author":4,"featured_media":15263,"comment_status":"open","ping_status":"open","sticky":false,"template":"","format":"standard","meta":{"_acf_changed":false,"footnotes":""},"categories":[1],"tags":[],"class_list":["post-15244","post","type-post","status-publish","format-standard","has-post-thumbnail","hentry","category-non-categorizzato"],"acf":[],"yoast_head":"<!-- This site is optimized with the Yoast SEO plugin v27.1.1 - https:\/\/yoast.com\/product\/yoast-seo-wordpress\/ -->\n<title>Scrigno partecipa alla 42\u00b0 edizione del Cersaie - Scrigno<\/title>\n<meta name=\"robots\" content=\"index, follow, max-snippet:-1, max-image-preview:large, max-video-preview:-1\" \/>\n<link rel=\"canonical\" href=\"https:\/\/www.scrigno.com\/it\/scrigno-partecipa-alla-42-a-edizione-del-cersaie\/\" \/>\n<meta property=\"og:locale\" content=\"it_IT\" \/>\n<meta property=\"og:type\" content=\"article\" \/>\n<meta property=\"og:title\" content=\"Scrigno partecipa alla 42\u00b0 edizione del Cersaie - Scrigno\" \/>\n<meta property=\"og:url\" content=\"https:\/\/www.scrigno.com\/it\/scrigno-partecipa-alla-42-a-edizione-del-cersaie\/\" \/>\n<meta property=\"og:site_name\" content=\"Scrigno\" \/>\n<meta property=\"article:published_time\" content=\"2025-09-05T11:02:11+00:00\" \/>\n<meta property=\"article:modified_time\" content=\"2025-09-09T15:02:56+00:00\" \/>\n<meta property=\"og:image\" content=\"https:\/\/www.scrigno.com\/wp-content\/uploads\/2025\/09\/Scrigno_News_Sito_Cersaie_2025_thumbnail_1350x1500px_IT.jpg\" \/>\n\t<meta property=\"og:image:width\" content=\"1350\" \/>\n\t<meta property=\"og:image:height\" content=\"1500\" \/>\n\t<meta property=\"og:image:type\" content=\"image\/jpeg\" \/>\n<meta name=\"author\" content=\"Federico Raia\" \/>\n<meta name=\"twitter:card\" content=\"summary_large_image\" \/>\n<meta name=\"twitter:label1\" content=\"Scritto da\" \/>\n\t<meta name=\"twitter:data1\" content=\"Federico Raia\" \/>\n\t<meta name=\"twitter:label2\" content=\"Tempo di lettura stimato\" \/>\n\t<meta name=\"twitter:data2\" content=\"1 minuto\" \/>\n<script type=\"application\/ld+json\" class=\"yoast-schema-graph\">{\"@context\":\"https:\/\/schema.org\",\"@graph\":[{\"@type\":\"Article\",\"@id\":\"https:\/\/www.scrigno.com\/it\/scrigno-partecipa-alla-42-a-edizione-del-cersaie\/#article\",\"isPartOf\":{\"@id\":\"https:\/\/www.scrigno.com\/it\/scrigno-partecipa-alla-42-a-edizione-del-cersaie\/\"},\"author\":{\"name\":\"Federico Raia\",\"@id\":\"https:\/\/www.scrigno.com\/it\/#\/schema\/person\/fe6e36c6894a351e0e5863f4ca276eeb\"},\"headline\":\"Scrigno partecipa alla 42\u00b0 edizione del Cersaie\",\"datePublished\":\"2025-09-05T11:02:11+00:00\",\"dateModified\":\"2025-09-09T15:02:56+00:00\",\"mainEntityOfPage\":{\"@id\":\"https:\/\/www.scrigno.com\/it\/scrigno-partecipa-alla-42-a-edizione-del-cersaie\/\"},\"wordCount\":6,\"commentCount\":0,\"image\":{\"@id\":\"https:\/\/www.scrigno.com\/it\/scrigno-partecipa-alla-42-a-edizione-del-cersaie\/#primaryimage\"},\"thumbnailUrl\":\"https:\/\/www.scrigno.com\/wp-content\/uploads\/2025\/09\/Scrigno_News_Sito_Cersaie_2025_thumbnail_1350x1500px_IT.jpg\",\"articleSection\":[\"Non categorizzato\"],\"inLanguage\":\"it-IT\",\"potentialAction\":[{\"@type\":\"CommentAction\",\"name\":\"Comment\",\"target\":[\"https:\/\/www.scrigno.com\/it\/scrigno-partecipa-alla-42-a-edizione-del-cersaie\/#respond\"]}]},{\"@type\":\"WebPage\",\"@id\":\"https:\/\/www.scrigno.com\/it\/scrigno-partecipa-alla-42-a-edizione-del-cersaie\/\",\"url\":\"https:\/\/www.scrigno.com\/it\/scrigno-partecipa-alla-42-a-edizione-del-cersaie\/\",\"name\":\"Scrigno partecipa alla 42\u00b0 edizione del Cersaie - Scrigno\",\"isPartOf\":{\"@id\":\"https:\/\/www.scrigno.com\/it\/#website\"},\"primaryImageOfPage\":{\"@id\":\"https:\/\/www.scrigno.com\/it\/scrigno-partecipa-alla-42-a-edizione-del-cersaie\/#primaryimage\"},\"image\":{\"@id\":\"https:\/\/www.scrigno.com\/it\/scrigno-partecipa-alla-42-a-edizione-del-cersaie\/#primaryimage\"},\"thumbnailUrl\":\"https:\/\/www.scrigno.com\/wp-content\/uploads\/2025\/09\/Scrigno_News_Sito_Cersaie_2025_thumbnail_1350x1500px_IT.jpg\",\"datePublished\":\"2025-09-05T11:02:11+00:00\",\"dateModified\":\"2025-09-09T15:02:56+00:00\",\"author\":{\"@id\":\"https:\/\/www.scrigno.com\/it\/#\/schema\/person\/fe6e36c6894a351e0e5863f4ca276eeb\"},\"breadcrumb\":{\"@id\":\"https:\/\/www.scrigno.com\/it\/scrigno-partecipa-alla-42-a-edizione-del-cersaie\/#breadcrumb\"},\"inLanguage\":\"it-IT\",\"potentialAction\":[{\"@type\":\"ReadAction\",\"target\":[\"https:\/\/www.scrigno.com\/it\/scrigno-partecipa-alla-42-a-edizione-del-cersaie\/\"]}]},{\"@type\":\"ImageObject\",\"inLanguage\":\"it-IT\",\"@id\":\"https:\/\/www.scrigno.com\/it\/scrigno-partecipa-alla-42-a-edizione-del-cersaie\/#primaryimage\",\"url\":\"https:\/\/www.scrigno.com\/wp-content\/uploads\/2025\/09\/Scrigno_News_Sito_Cersaie_2025_thumbnail_1350x1500px_IT.jpg\",\"contentUrl\":\"https:\/\/www.scrigno.com\/wp-content\/uploads\/2025\/09\/Scrigno_News_Sito_Cersaie_2025_thumbnail_1350x1500px_IT.jpg\",\"width\":1350,\"height\":1500},{\"@type\":\"BreadcrumbList\",\"@id\":\"https:\/\/www.scrigno.com\/it\/scrigno-partecipa-alla-42-a-edizione-del-cersaie\/#breadcrumb\",\"itemListElement\":[{\"@type\":\"ListItem\",\"position\":1,\"name\":\"Home\",\"item\":\"https:\/\/www.scrigno.com\/it\/\"},{\"@type\":\"ListItem\",\"position\":2,\"name\":\"Scrigno partecipa alla 42\u00b0 edizione del Cersaie\"}]},{\"@type\":\"WebSite\",\"@id\":\"https:\/\/www.scrigno.com\/it\/#website\",\"url\":\"https:\/\/www.scrigno.com\/it\/\",\"name\":\"Scrigno\",\"description\":\"\",\"potentialAction\":[{\"@type\":\"SearchAction\",\"target\":{\"@type\":\"EntryPoint\",\"urlTemplate\":\"https:\/\/www.scrigno.com\/it\/?s={search_term_string}\"},\"query-input\":{\"@type\":\"PropertyValueSpecification\",\"valueRequired\":true,\"valueName\":\"search_term_string\"}}],\"inLanguage\":\"it-IT\"},{\"@type\":\"Person\",\"@id\":\"https:\/\/www.scrigno.com\/it\/#\/schema\/person\/fe6e36c6894a351e0e5863f4ca276eeb\",\"name\":\"Federico Raia\",\"image\":{\"@type\":\"ImageObject\",\"inLanguage\":\"it-IT\",\"@id\":\"https:\/\/www.scrigno.com\/it\/#\/schema\/person\/image\/\",\"url\":\"https:\/\/secure.gravatar.com\/avatar\/4fd7407b41e030a9face5f4225b2317705195bbb2fe2d4d744d473706e473db6?s=96&d=mm&r=g\",\"contentUrl\":\"https:\/\/secure.gravatar.com\/avatar\/4fd7407b41e030a9face5f4225b2317705195bbb2fe2d4d744d473706e473db6?s=96&d=mm&r=g\",\"caption\":\"Federico Raia\"}}]}<\/script>\n<!-- \/ Yoast SEO plugin. -->","yoast_head_json":{"title":"Scrigno partecipa alla 42\u00b0 edizione del Cersaie - Scrigno","robots":{"index":"index","follow":"follow","max-snippet":"max-snippet:-1","max-image-preview":"max-image-preview:large","max-video-preview":"max-video-preview:-1"},"canonical":"https:\/\/www.scrigno.com\/it\/scrigno-partecipa-alla-42-a-edizione-del-cersaie\/","og_locale":"it_IT","og_type":"article","og_title":"Scrigno partecipa alla 42\u00b0 edizione del Cersaie - Scrigno","og_url":"https:\/\/www.scrigno.com\/it\/scrigno-partecipa-alla-42-a-edizione-del-cersaie\/","og_site_name":"Scrigno","article_published_time":"2025-09-05T11:02:11+00:00","article_modified_time":"2025-09-09T15:02:56+00:00","og_image":[{"width":1350,"height":1500,"url":"https:\/\/www.scrigno.com\/wp-content\/uploads\/2025\/09\/Scrigno_News_Sito_Cersaie_2025_thumbnail_1350x1500px_IT.jpg","type":"image\/jpeg"}],"author":"Federico Raia","twitter_card":"summary_large_image","twitter_misc":{"Scritto da":"Federico Raia","Tempo di lettura stimato":"1 minuto"},"schema":{"@context":"https:\/\/schema.org","@graph":[{"@type":"Article","@id":"https:\/\/www.scrigno.com\/it\/scrigno-partecipa-alla-42-a-edizione-del-cersaie\/#article","isPartOf":{"@id":"https:\/\/www.scrigno.com\/it\/scrigno-partecipa-alla-42-a-edizione-del-cersaie\/"},"author":{"name":"Federico Raia","@id":"https:\/\/www.scrigno.com\/it\/#\/schema\/person\/fe6e36c6894a351e0e5863f4ca276eeb"},"headline":"Scrigno partecipa alla 42\u00b0 edizione del Cersaie","datePublished":"2025-09-05T11:02:11+00:00","dateModified":"2025-09-09T15:02:56+00:00","mainEntityOfPage":{"@id":"https:\/\/www.scrigno.com\/it\/scrigno-partecipa-alla-42-a-edizione-del-cersaie\/"},"wordCount":6,"commentCount":0,"image":{"@id":"https:\/\/www.scrigno.com\/it\/scrigno-partecipa-alla-42-a-edizione-del-cersaie\/#primaryimage"},"thumbnailUrl":"https:\/\/www.scrigno.com\/wp-content\/uploads\/2025\/09\/Scrigno_News_Sito_Cersaie_2025_thumbnail_1350x1500px_IT.jpg","articleSection":["Non categorizzato"],"inLanguage":"it-IT","potentialAction":[{"@type":"CommentAction","name":"Comment","target":["https:\/\/www.scrigno.com\/it\/scrigno-partecipa-alla-42-a-edizione-del-cersaie\/#respond"]}]},{"@type":"WebPage","@id":"https:\/\/www.scrigno.com\/it\/scrigno-partecipa-alla-42-a-edizione-del-cersaie\/","url":"https:\/\/www.scrigno.com\/it\/scrigno-partecipa-alla-42-a-edizione-del-cersaie\/","name":"Scrigno partecipa alla 42\u00b0 edizione del Cersaie - Scrigno","isPartOf":{"@id":"https:\/\/www.scrigno.com\/it\/#website"},"primaryImageOfPage":{"@id":"https:\/\/www.scrigno.com\/it\/scrigno-partecipa-alla-42-a-edizione-del-cersaie\/#primaryimage"},"image":{"@id":"https:\/\/www.scrigno.com\/it\/scrigno-partecipa-alla-42-a-edizione-del-cersaie\/#primaryimage"},"thumbnailUrl":"https:\/\/www.scrigno.com\/wp-content\/uploads\/2025\/09\/Scrigno_News_Sito_Cersaie_2025_thumbnail_1350x1500px_IT.jpg","datePublished":"2025-09-05T11:02:11+00:00","dateModified":"2025-09-09T15:02:56+00:00","author":{"@id":"https:\/\/www.scrigno.com\/it\/#\/schema\/person\/fe6e36c6894a351e0e5863f4ca276eeb"},"breadcrumb":{"@id":"https:\/\/www.scrigno.com\/it\/scrigno-partecipa-alla-42-a-edizione-del-cersaie\/#breadcrumb"},"inLanguage":"it-IT","potentialAction":[{"@type":"ReadAction","target":["https:\/\/www.scrigno.com\/it\/scrigno-partecipa-alla-42-a-edizione-del-cersaie\/"]}]},{"@type":"ImageObject","inLanguage":"it-IT","@id":"https:\/\/www.scrigno.com\/it\/scrigno-partecipa-alla-42-a-edizione-del-cersaie\/#primaryimage","url":"https:\/\/www.scrigno.com\/wp-content\/uploads\/2025\/09\/Scrigno_News_Sito_Cersaie_2025_thumbnail_1350x1500px_IT.jpg","contentUrl":"https:\/\/www.scrigno.com\/wp-content\/uploads\/2025\/09\/Scrigno_News_Sito_Cersaie_2025_thumbnail_1350x1500px_IT.jpg","width":1350,"height":1500},{"@type":"BreadcrumbList","@id":"https:\/\/www.scrigno.com\/it\/scrigno-partecipa-alla-42-a-edizione-del-cersaie\/#breadcrumb","itemListElement":[{"@type":"ListItem","position":1,"name":"Home","item":"https:\/\/www.scrigno.com\/it\/"},{"@type":"ListItem","position":2,"name":"Scrigno partecipa alla 42\u00b0 edizione del Cersaie"}]},{"@type":"WebSite","@id":"https:\/\/www.scrigno.com\/it\/#website","url":"https:\/\/www.scrigno.com\/it\/","name":"Scrigno","description":"","potentialAction":[{"@type":"SearchAction","target":{"@type":"EntryPoint","urlTemplate":"https:\/\/www.scrigno.com\/it\/?s={search_term_string}"},"query-input":{"@type":"PropertyValueSpecification","valueRequired":true,"valueName":"search_term_string"}}],"inLanguage":"it-IT"},{"@type":"Person","@id":"https:\/\/www.scrigno.com\/it\/#\/schema\/person\/fe6e36c6894a351e0e5863f4ca276eeb","name":"Federico Raia","image":{"@type":"ImageObject","inLanguage":"it-IT","@id":"https:\/\/www.scrigno.com\/it\/#\/schema\/person\/image\/","url":"https:\/\/secure.gravatar.com\/avatar\/4fd7407b41e030a9face5f4225b2317705195bbb2fe2d4d744d473706e473db6?s=96&d=mm&r=g","contentUrl":"https:\/\/secure.gravatar.com\/avatar\/4fd7407b41e030a9face5f4225b2317705195bbb2fe2d4d744d473706e473db6?s=96&d=mm&r=g","caption":"Federico Raia"}}]}},"_links":{"self":[{"href":"https:\/\/www.scrigno.com\/it\/wp-json\/wp\/v2\/posts\/15244","targetHints":{"allow":["GET"]}}],"collection":[{"href":"https:\/\/www.scrigno.com\/it\/wp-json\/wp\/v2\/posts"}],"about":[{"href":"https:\/\/www.scrigno.com\/it\/wp-json\/wp\/v2\/types\/post"}],"author":[{"embeddable":true,"href":"https:\/\/www.scrigno.com\/it\/wp-json\/wp\/v2\/users\/4"}],"replies":[{"embeddable":true,"href":"https:\/\/www.scrigno.com\/it\/wp-json\/wp\/v2\/comments?post=15244"}],"version-history":[{"count":0,"href":"https:\/\/www.scrigno.com\/it\/wp-json\/wp\/v2\/posts\/15244\/revisions"}],"wp:featuredmedia":[{"embeddable":true,"href":"https:\/\/www.scrigno.com\/it\/wp-json\/wp\/v2\/media\/15263"}],"wp:attachment":[{"href":"https:\/\/www.scrigno.com\/it\/wp-json\/wp\/v2\/media?parent=15244"}],"wp:term":[{"taxonomy":"category","embeddable":true,"href":"https:\/\/www.scrigno.com\/it\/wp-json\/wp\/v2\/categories?post=15244"},{"taxonomy":"post_tag","embeddable":true,"href":"https:\/\/www.scrigno.com\/it\/wp-json\/wp\/v2\/tags?post=15244"}],"curies":[{"name":"wp","href":"https:\/\/api.w.org\/{rel}","templated":true}]}}